{"id":158342,"date":"2020-03-17T07:53:44","date_gmt":"2020-03-17T10:53:44","guid":{"rendered":"http:\/\/www.caririemacao.com\/1\/?p=158342"},"modified":"2020-03-17T07:53:47","modified_gmt":"2020-03-17T10:53:47","slug":"paulo-guedes-anuncia-r-150-bilhoes-em-medidas-emergenciais","status":"publish","type":"post","link":"https:\/\/www.caririemacao.com\/1\/2020\/03\/17\/paulo-guedes-anuncia-r-150-bilhoes-em-medidas-emergenciais\/","title":{"rendered":"Paulo Guedes anuncia R$ 150 bilh\u00f5es em medidas emergenciais"},"content":{"rendered":"\n<p>O Minist\u00e9rio da Economia vai divulgar no in\u00edcio da noite desta segunda-feira (16) medidas de est\u00edmulo aos setores mais afetados pela crise econ\u00f4mica global.&nbsp;<\/p>\n\n\n\n<p>O ministro da Economia, Paulo Guedes, e mais cinco secret\u00e1rios especiais est\u00e3o detalhando o pacote que inclui algumas a\u00e7\u00f5es anunciadas na semana passada como a antecipa\u00e7\u00e3o, para abril, do pagamento de R$ 23 bilh\u00f5es referentes \u00e0 parcela de 50% do 13\u00ba sal\u00e1rio aos aposentados e pensionistas do Instituto Nacional da Seguridade Social (INSS).<\/p>\n\n\n\n<figure><iframe data-src=\"https:\/\/www.facebook.com\/plugins\/video.php?href=https%3A%2F%2Fwww.facebook.com%2Fagenciabrasil.ebc%2Fvideos%2F1351662371704637%2F&amp;show_text=1&amp;width=560\" width=\"560\" height=\"426\" allowfullscreen=\"true\" src=\"data:image\/svg+xml;base64,PHN2ZyB3aWR0aD0iMSIgaGVpZ2h0PSIxIiB4bWxucz0iaHR0cDovL3d3dy53My5vcmcvMjAwMC9zdmciPjwvc3ZnPg==\" class=\"lazyload\" data-load-mode=\"1\"><\/iframe><\/figure>\n\n\n\n<p>\u201cVamos cuidar dos mais idosos. J\u00e1 anunciamos os R$ 23 bi para entrar em abril e mais R$ 23 bi para maio (sobre antecipa\u00e7\u00e3o para aposentados e pensionistas do INSS) e antecipar abonos para junho (R$ 12 bi)\u201d, diz Paulo Guedes ao falar das medidas para a popula\u00e7\u00e3o mais vulner\u00e1vel.<\/p>\n","protected":false},"excerpt":{"rendered":"<p>O Minist\u00e9rio da Economia vai divulgar no in\u00edcio da noite desta segunda-feira (16) medidas de est\u00edmulo aos setores mais afetados pela crise econ\u00f4mica global.&nbsp; O&hellip; <\/p>\n","protected":false},"author":2,"featured_media":158343,"comment_status":"closed","ping_status":"closed","sticky":false,"template":"","format":"standard","meta":{"sfsi_plus_gutenberg_text_before_share":"","sfsi_plus_gutenberg_show_text_before_share":"","sfsi_plus_gutenberg_icon_type":"","sfsi_plus_gutenberg_icon_alignemt":"","sfsi_plus_gutenburg_max_per_row":"","footnotes":""},"categories":[2],"tags":[],"class_list":["post-158342","post","type-post","status-publish","format-standard","has-post-thumbnail","hentry","category-geral"],"_links":{"self":[{"href":"https:\/\/www.caririemacao.com\/1\/wp-json\/wp\/v2\/posts\/158342","targetHints":{"allow":["GET"]}}],"collection":[{"href":"https:\/\/www.caririemacao.com\/1\/wp-json\/wp\/v2\/posts"}],"about":[{"href":"https:\/\/www.caririemacao.com\/1\/wp-json\/wp\/v2\/types\/post"}],"author":[{"embeddable":true,"href":"https:\/\/www.caririemacao.com\/1\/wp-json\/wp\/v2\/users\/2"}],"replies":[{"embeddable":true,"href":"https:\/\/www.caririemacao.com\/1\/wp-json\/wp\/v2\/comments?post=158342"}],"version-history":[{"count":1,"href":"https:\/\/www.caririemacao.com\/1\/wp-json\/wp\/v2\/posts\/158342\/revisions"}],"predecessor-version":[{"id":158344,"href":"https:\/\/www.caririemacao.com\/1\/wp-json\/wp\/v2\/posts\/158342\/revisions\/158344"}],"wp:featuredmedia":[{"embeddable":true,"href":"https:\/\/www.caririemacao.com\/1\/wp-json\/wp\/v2\/media\/158343"}],"wp:attachment":[{"href":"https:\/\/www.caririemacao.com\/1\/wp-json\/wp\/v2\/media?parent=158342"}],"wp:term":[{"taxonomy":"category","embeddable":true,"href":"https:\/\/www.caririemacao.com\/1\/wp-json\/wp\/v2\/categories?post=158342"},{"taxonomy":"post_tag","embeddable":true,"href":"https:\/\/www.caririemacao.com\/1\/wp-json\/wp\/v2\/tags?post=158342"}],"curies":[{"name":"wp","href":"https:\/\/api.w.org\/{rel}","templated":true}]}}