{"id":158346,"date":"2020-03-17T07:55:26","date_gmt":"2020-03-17T10:55:26","guid":{"rendered":"http:\/\/www.caririemacao.com\/1\/?p=158346"},"modified":"2020-03-17T07:55:28","modified_gmt":"2020-03-17T10:55:28","slug":"lula-nao-faz-teste-do-coronavirus","status":"publish","type":"post","link":"https:\/\/www.caririemacao.com\/1\/2020\/03\/17\/lula-nao-faz-teste-do-coronavirus\/","title":{"rendered":"Lula n\u00e3o faz teste do coronav\u00edrus"},"content":{"rendered":"\n<p>O ex-presidente Lula n\u00e3o se submeteu ao teste do novo coronav\u00edrus ao desembarcar no Brasil ap\u00f3s 12 dias na Europa. A informa\u00e7\u00e3o \u00e9 da&nbsp;<a href=\"https:\/\/epoca.globo.com\/guilherme-amado\/lula-nao-faz-teste-do-coronavirus-24307306?%3Futm_source=facebook&amp;utm_medium=social&amp;utm_campaign=post&amp;fbclid=IwAR1gdZ3I2XJKl3mwjBevgnWKX_G6TbhSylsiPjKlB5H85s271TUOm5mzkAU\">coluna Guilherme Amado, da revista \u00c9poca<\/a>.<\/p>\n\n\n\n<p>Ao desembarcar no Brasil na \u00faltima quinta-feira (12), o petista conversou com o seu m\u00e9dico, Roberto Kalil Filho. Como n\u00e3o apresentava sintomas, foi decidido que ele n\u00e3o faria o exame.<\/p>\n\n\n\n<p>Outros sete integrantes da comitiva que acompanharam Lula em agendas na Fran\u00e7a, na Su\u00ed\u00e7a e na Alemanha, se submeteram ao teste. Todos tiveram resultado negativo.<\/p>\n\n\n\n<p>Desde que voltou da Europa, Lula permaneceu em casa. A partir desta semana, ele deve retomar de forma gradativa os compromissos. Eventos p\u00fablicos n\u00e3o est\u00e3o previstos. O ex-presidente de 74 anos faz parte, devido \u00e0 idade, da parcela da popula\u00e7\u00e3o que, caso seja atingida pelo coranav\u00edrus, tem mais chance de apresentar complica\u00e7\u00f5es.<\/p>\n","protected":false},"excerpt":{"rendered":"<p>O ex-presidente Lula n\u00e3o se submeteu ao teste do novo coronav\u00edrus ao desembarcar no Brasil ap\u00f3s 12 dias na Europa. A informa\u00e7\u00e3o \u00e9 da&nbsp;coluna Guilherme&hellip; <\/p>\n","protected":false},"author":2,"featured_media":158347,"comment_status":"closed","ping_status":"closed","sticky":false,"template":"","format":"standard","meta":{"sfsi_plus_gutenberg_text_before_share":"","sfsi_plus_gutenberg_show_text_before_share":"","sfsi_plus_gutenberg_icon_type":"","sfsi_plus_gutenberg_icon_alignemt":"","sfsi_plus_gutenburg_max_per_row":"","footnotes":""},"categories":[11],"tags":[],"class_list":["post-158346","post","type-post","status-publish","format-standard","has-post-thumbnail","hentry","category-politica"],"_links":{"self":[{"href":"https:\/\/www.caririemacao.com\/1\/wp-json\/wp\/v2\/posts\/158346","targetHints":{"allow":["GET"]}}],"collection":[{"href":"https:\/\/www.caririemacao.com\/1\/wp-json\/wp\/v2\/posts"}],"about":[{"href":"https:\/\/www.caririemacao.com\/1\/wp-json\/wp\/v2\/types\/post"}],"author":[{"embeddable":true,"href":"https:\/\/www.caririemacao.com\/1\/wp-json\/wp\/v2\/users\/2"}],"replies":[{"embeddable":true,"href":"https:\/\/www.caririemacao.com\/1\/wp-json\/wp\/v2\/comments?post=158346"}],"version-history":[{"count":1,"href":"https:\/\/www.caririemacao.com\/1\/wp-json\/wp\/v2\/posts\/158346\/revisions"}],"predecessor-version":[{"id":158348,"href":"https:\/\/www.caririemacao.com\/1\/wp-json\/wp\/v2\/posts\/158346\/revisions\/158348"}],"wp:featuredmedia":[{"embeddable":true,"href":"https:\/\/www.caririemacao.com\/1\/wp-json\/wp\/v2\/media\/158347"}],"wp:attachment":[{"href":"https:\/\/www.caririemacao.com\/1\/wp-json\/wp\/v2\/media?parent=158346"}],"wp:term":[{"taxonomy":"category","embeddable":true,"href":"https:\/\/www.caririemacao.com\/1\/wp-json\/wp\/v2\/categories?post=158346"},{"taxonomy":"post_tag","embeddable":true,"href":"https:\/\/www.caririemacao.com\/1\/wp-json\/wp\/v2\/tags?post=158346"}],"curies":[{"name":"wp","href":"https:\/\/api.w.org\/{rel}","templated":true}]}}