{"id":158350,"date":"2020-03-17T08:01:18","date_gmt":"2020-03-17T11:01:18","guid":{"rendered":"http:\/\/www.caririemacao.com\/1\/?p=158350"},"modified":"2020-03-17T08:01:21","modified_gmt":"2020-03-17T11:01:21","slug":"se-eu-me-contaminei-e-responsabilidade-minha-ninguem-tem-nada-a-ver-com-isso-diz-bolsonaro","status":"publish","type":"post","link":"https:\/\/www.caririemacao.com\/1\/2020\/03\/17\/se-eu-me-contaminei-e-responsabilidade-minha-ninguem-tem-nada-a-ver-com-isso-diz-bolsonaro\/","title":{"rendered":"&#8220;Se eu me contaminei, \u00e9 responsabilidade minha, ningu\u00e9m tem nada a ver com isso\u201d, diz Bolsonaro"},"content":{"rendered":"\n<p>O presidente Jair Bolsonaro afirmou nesta segunda-feira (16) que \u00e9 um \u201cdireito\u201d apertar as m\u00e3os de apoiadores e que, caso tenha sido infectado com o novo coronav\u00edrus por esse motivo, a \u201cresponsabilidade\u201d \u00e9 dele. \u201cNingu\u00e9m tem nada a ver com isso\u201d, declarou.<br><\/p>\n\n\n\n<figure><iframe width=\"500\" height=\"281\" data-src=\"https:\/\/www.youtube.com\/embed\/Mv36mZ_b3J0\" allowfullscreen=\"\" src=\"data:image\/svg+xml;base64,PHN2ZyB3aWR0aD0iMSIgaGVpZ2h0PSIxIiB4bWxucz0iaHR0cDovL3d3dy53My5vcmcvMjAwMC9zdmciPjwvc3ZnPg==\" class=\"lazyload\" data-load-mode=\"1\"><\/iframe><\/figure>\n\n\n\n<p>Bolsonaro deu as declara\u00e7\u00f5es em entrevista \u00e0 R\u00e1dio Bandeirantes, um dia depois de descumprir a recomenda\u00e7\u00e3o de monitoramento dada por m\u00e9dicos em raz\u00e3o da confirma\u00e7\u00e3o da contamina\u00e7\u00e3o por coronav\u00edrus de integrantes da comitiva que viajou com ele aos Estados Unidos na semana passada.<\/p>\n\n\n\n<p>Bolsonaro fez um primeiro teste, com resultado negativo para a presen\u00e7a do v\u00edrus, e far\u00e1 um segundo exame nesta ter\u00e7a-feira (17). Ele foi aconselhado a permanecer no Pal\u00e1cio do Alvorada, resid\u00eancia oficial da Presid\u00eancia, mas descumpriu a recomenda\u00e7\u00e3o.<\/p>\n\n\n\n<p>No domingo, dia em que o Brasil contabilizou 200 casos do novo coronav\u00edrus, Bolsonaro deixou o Pal\u00e1cio da Alvorada e participou de uma manifesta\u00e7\u00e3o a favor do governo, com cr\u00edticas ao Congresso e ao Supremo Tribunal Federal (STF). O presidente desceu a rampa do Pal\u00e1cio do Planalto e foi at\u00e9 a grade, onde apertou a m\u00e3o de apoiadores e tirou &#8220;selfies&#8221;.<\/p>\n\n\n\n<p>Questionado na entrevista sobre o exemplo a ser dado pelo presidente da Rep\u00fablica, j\u00e1 que o pr\u00f3prio Minist\u00e9rio da Sa\u00fade recomenda evitar aglomera\u00e7\u00f5es, Bolsonaro disse que n\u00e3o convocou os atos realizados pelo pa\u00eds e que fez sua parte ao conversar com apoiadores.<\/p>\n\n\n\n<p>\u201cN\u00e3o convoquei o movimento, t\u00e1 certo? E tenho a obriga\u00e7\u00e3o moral de saudar o povo que foi na frente aqui do Pal\u00e1cio do Planalto, tenho a obriga\u00e7\u00e3o. Fui l\u00e1 e fiz a minha parte, declarou.<\/p>\n\n\n\n<p>&#8220;Se eu me contaminei, t\u00e1 certo? Olha, isso \u00e9 responsabilidade minha, ningu\u00e9m tem nada a ver com isso\u201d, disse Bolsonaro.<\/p>\n\n\n\n<p>Segundo o presidente, ele tem o \u201cdireito\u201d de cumprimentar as pessoas e n\u00e3o pode \u201cviver preso\u201d no Alvorada.<\/p>\n\n\n\n<p>\u201cEu n\u00e3o vou viver preso dentro l\u00e1 do Pal\u00e1cio da Alvorada esperando mais cinco dias, com problemas grandes para serem resolvidos no Brasil. Essa \u00e9 minha posi\u00e7\u00e3o. Agora, se eu resolvi apertar a m\u00e3o do povo \u2013 desculpe aqui, eu n\u00e3o convoquei o povo para ir \u00e0s ruas \u2013, isso \u00e9 um direito meu. Afinal de contas, eu vim do povo. Eu venho do povo brasileiro\u201d, afirmou.<\/p>\n\n\n\n<p>Bolsonaro afirmou n\u00e3o estar arrependido do seu gesto.<\/p>\n\n\n\n<p>\u201cQuerer colocar a culpa de uma poss\u00edvel expans\u00e3o do v\u00edrus na minha pessoa porque eu vim saudar alguns na frente aqui da Presid\u00eancia da Rep\u00fablica, num movimento que eu n\u00e3o convoquei o movimento, \u00e9 querer se ver livre da responsabilidade que \u00e9 de todos n\u00f3s\u201d, acrescentou.<\/p>\n\n\n\n<p>Durante a entrevista, ele repetiu o que considera exageros no tratamento ao combate ao novo coronav\u00edrus, mesmo com a Organiza\u00e7\u00e3o Mundial de Sa\u00fade (OMS) declarando que h\u00e1 uma pandemia no mundo.<\/p>\n\n\n\n<p>&#8220;N\u00e3o vamos superdimensionar essa quest\u00e3o. N\u00e3o pode algumas autoridades come\u00e7ar a proibir isso ou aquilo&#8221;, declarou.<\/p>\n\n\n\n<p>Em outro momento da entrevista, voltou a falar em &#8220;superdimensionamento&#8221;.<\/p>\n\n\n\n<p>\u201cExiste o perigo, mas est\u00e1 havendo um superdimensionamento nesta quest\u00e3o. N\u00f3s n\u00e3o podemos parar a economia. E eu tenho que dar o exemplo em todos os momentos. E fui, realmente, apertei a m\u00e3o de muita gente em frente ao Pal\u00e1cio, aqui na Presid\u00eancia da Rep\u00fablica, para demonstrar que estou com o povo. O povo foi nas ruas, voc\u00ea tem que respeitar a vontade popular. Mesmo que o povo erre, voc\u00ea tem que respeitar a vontade popular. Isso \u00e9 democracia\u201d, declarou.<\/p>\n\n\n\n<p>O presidente disse estar preocupado com o impacto na economia, com poss\u00edvel redu\u00e7\u00e3o do crescimento do pa\u00eds, em raz\u00e3o de atividades suspensas. Ele considera que h\u00e1 uma \u201chisteria\u201d e criticou a suspens\u00e3o de campeonatos de futebol.<\/p>\n","protected":false},"excerpt":{"rendered":"<p>O presidente Jair Bolsonaro afirmou nesta segunda-feira (16) que \u00e9 um \u201cdireito\u201d apertar as m\u00e3os de apoiadores e que, caso tenha sido infectado com o&hellip; <\/p>\n","protected":false},"author":2,"featured_media":158351,"comment_status":"closed","ping_status":"closed","sticky":false,"template":"","format":"standard","meta":{"sfsi_plus_gutenberg_text_before_share":"","sfsi_plus_gutenberg_show_text_before_share":"","sfsi_plus_gutenberg_icon_type":"","sfsi_plus_gutenberg_icon_alignemt":"","sfsi_plus_gutenburg_max_per_row":"","footnotes":""},"categories":[2],"tags":[],"class_list":["post-158350","post","type-post","status-publish","format-standard","has-post-thumbnail","hentry","category-geral"],"_links":{"self":[{"href":"https:\/\/www.caririemacao.com\/1\/wp-json\/wp\/v2\/posts\/158350","targetHints":{"allow":["GET"]}}],"collection":[{"href":"https:\/\/www.caririemacao.com\/1\/wp-json\/wp\/v2\/posts"}],"about":[{"href":"https:\/\/www.caririemacao.com\/1\/wp-json\/wp\/v2\/types\/post"}],"author":[{"embeddable":true,"href":"https:\/\/www.caririemacao.com\/1\/wp-json\/wp\/v2\/users\/2"}],"replies":[{"embeddable":true,"href":"https:\/\/www.caririemacao.com\/1\/wp-json\/wp\/v2\/comments?post=158350"}],"version-history":[{"count":1,"href":"https:\/\/www.caririemacao.com\/1\/wp-json\/wp\/v2\/posts\/158350\/revisions"}],"predecessor-version":[{"id":158352,"href":"https:\/\/www.caririemacao.com\/1\/wp-json\/wp\/v2\/posts\/158350\/revisions\/158352"}],"wp:featuredmedia":[{"embeddable":true,"href":"https:\/\/www.caririemacao.com\/1\/wp-json\/wp\/v2\/media\/158351"}],"wp:attachment":[{"href":"https:\/\/www.caririemacao.com\/1\/wp-json\/wp\/v2\/media?parent=158350"}],"wp:term":[{"taxonomy":"category","embeddable":true,"href":"https:\/\/www.caririemacao.com\/1\/wp-json\/wp\/v2\/categories?post=158350"},{"taxonomy":"post_tag","embeddable":true,"href":"https:\/\/www.caririemacao.com\/1\/wp-json\/wp\/v2\/tags?post=158350"}],"curies":[{"name":"wp","href":"https:\/\/api.w.org\/{rel}","templated":true}]}}