{"id":158357,"date":"2020-03-17T08:04:47","date_gmt":"2020-03-17T11:04:47","guid":{"rendered":"http:\/\/www.caririemacao.com\/1\/?p=158357"},"modified":"2020-03-17T08:04:50","modified_gmt":"2020-03-17T11:04:50","slug":"bolsonaro-tem-que-sair-deixa-mourao-conduzir-a-nacao-diz-janaina-paschoal","status":"publish","type":"post","link":"https:\/\/www.caririemacao.com\/1\/2020\/03\/17\/bolsonaro-tem-que-sair-deixa-mourao-conduzir-a-nacao-diz-janaina-paschoal\/","title":{"rendered":"&#8220;Bolsonaro tem que sair. Deixa Mour\u00e3o conduzir a na\u00e7\u00e3o\u201d, diz Jana\u00edna Paschoal"},"content":{"rendered":"\n<p>A deputada estadual Janaina Paschoal (PSL-SP) afirmou em discurso na Assembleia Legislativa de S\u00e3o Paulo que o presidente Jair Bolsonaro deve ser afastado de suas fun\u00e7\u00f5es ap\u00f3s ter endossado e participado das manifesta\u00e7\u00f5es realizadas neste domingo, 15. Janaina classificou a decis\u00e3o de Bolsonaro de confraternizar com apoiadores em frente ao Pal\u00e1cio do Planalto como um \u201ccrime contra a sa\u00fade p\u00fablica\u201d em meio \u00e0 pandemia do coronav\u00edrus.<br><\/p>\n\n\n\n<figure><iframe width=\"500\" height=\"281\" data-src=\"https:\/\/www.youtube.com\/embed\/bskb3xNT8oU\" allowfullscreen=\"\" src=\"data:image\/svg+xml;base64,PHN2ZyB3aWR0aD0iMSIgaGVpZ2h0PSIxIiB4bWxucz0iaHR0cDovL3d3dy53My5vcmcvMjAwMC9zdmciPjwvc3ZnPg==\" class=\"lazyload\" data-load-mode=\"1\"><\/iframe><\/figure>\n\n\n\n<p>O presidente havia recebido a recomenda\u00e7\u00e3o para ficar isolado at\u00e9 realizar um novo teste para o coronav\u00edrus. Ele teve a rotina alterada desde que integrantes de sua comitiva na viagem aos Estados Unidos, na \u00faltima semana, foram diagnosticados com a doen\u00e7a.<\/p>\n\n\n\n<p><strong>LEIA MAIS<\/strong>:&nbsp;<a href=\"https:\/\/www.clickpb.com.br\/brasil\/se-eu-me-contaminei-e-responsabilidade-minha-ninguem-tem-nada-ver-com-isso-diz-bolsonaro-280067.html\">&#8220;Se eu me contaminei, \u00e9 responsabilidade minha, ningu\u00e9m tem nada a ver com isso\u201d, diz Bolsonaro<\/a><br><\/p>\n\n\n\n<p>\u201cQuando as autoridades t\u00eam o poder e o dever de tomar provid\u00eancias para evitar um resultado danoso, e assim n\u00e3o procedem, elas respondem por esse resultado. Isso \u00e9 homic\u00eddio doloso. Ser\u00e1 atribu\u00eddo ao governador do estado de S\u00e3o Paulo, ser\u00e1 atribu\u00eddo ao presidente da Rep\u00fablica, principalmente ao presidente da Rep\u00fablica, porque o que ele fez ontem \u00e9 inadmiss\u00edvel, \u00e9 injustific\u00e1vel, \u00e9 indefens\u00e1vel. \u00c9 um crime contra a sa\u00fade p\u00fablica. Ele desrespeitou a ordem do seu ministro da Sa\u00fade\u201d, afirmou Janaina, que pediu para o vice-presidente, Hamilton Mour\u00e3o (PRTB), assumir a chefia do Executivo Federal.<\/p>\n\n\n\n<p>\u201cEsse senhor tem que sair da Presid\u00eancia da Rep\u00fablica. Deixa o Mour\u00e3o, que entende de defesa. Nosso pa\u00eds est\u00e1 entrando numa guerra contra um inimigo invis\u00edvel. Deixa o Mour\u00e3o que \u00e9 treinado para a defesa conduzir a na\u00e7\u00e3o. N\u00e3o tem mais justificativa. Como um homem que est\u00e1 possivelmente infectado vai para o meio da multid\u00e3o? Como um homem que faz uma live na quinta e diz pra n\u00e3o ter protestos vai participar desses mesmos protestos e mandam as deputadas que s\u00e3o paus mandados dele chamar o povo para a rua. Eu me arrependi do meu voto. Que pa\u00eds \u00e9 esse? Como esse homem vai l\u00e1, potencialmente contaminando as pessoas, pegando nas m\u00e3os e beijando? Ele est\u00e1 brincando? Ele acha que ele pode tudo? As autoridades t\u00eam que se unir e pedir para ele se afastar. N\u00f3s n\u00e3o temos tempo para um processo de impeachment. Estamos sendo invadidos por um inimigo invis\u00edvel e precisamos de pessoas capazes e competentes para conduzir a na\u00e7\u00e3o. Quero crer que o Mour\u00e3o possa fazer esse trabalho por n\u00f3s\u201d, declarou.<\/p>\n\n\n\n<p>Janaina Paschoal foi cotada para ser vice-presidente de Bolsonaro, mas desistiu da empreitada alegando quest\u00f5es pessoais. A deputada, que \u00e9 advogada, foi uma das autoras do pedido de impeachment que resultou na cassa\u00e7\u00e3o de Dilma Rousseff (PT).<\/p>\n\n\n\n<p>Na quinta-feira, 12, sob press\u00e3o das autoridades sanit\u00e1rias e ainda sem saber o resultado do primeiro teste que havia feito para o coronav\u00edrus, Bolsonaro pediu numa live de Facebook e num pronunciamento em rede nacional para que fossem repensados os protestos de domingo, convocados originalmente contra o Congresso e o Supremo Tribunal Federal (STF). Diante da recusa de parte dos manifestantes, Bolsonaro circulou de carro por Bras\u00edlia e se dirigiu ao Pal\u00e1cio do Planalto, onde cumprimentou apoiadores e tirou selfies com os celulares de diversas pessoas que estavam no local.<\/p>\n\n\n\n<p>Criticado pelo presidente da C\u00e2mara, Rodrigo Maia (DEM-RJ), e pelo do Senado, Davi Alcolumbre (DEM-AP), Bolsonaro fez um desafio aos parlamentares: \u201cgostaria que eles sa\u00edssem \u00e0s ruas como eu\u201d. O presidente ainda reclamou do que considera ser uma \u201chisteria\u201d com o coronav\u00edrus, embora a pandemia j\u00e1 tenha provocado a morte de mais de 6.000 pessoas em todo o mundo.<\/p>\n","protected":false},"excerpt":{"rendered":"<p>A deputada estadual Janaina Paschoal (PSL-SP) afirmou em discurso na Assembleia Legislativa de S\u00e3o Paulo que o presidente Jair Bolsonaro deve ser afastado de suas&hellip; <\/p>\n","protected":false},"author":2,"featured_media":158358,"comment_status":"closed","ping_status":"closed","sticky":false,"template":"","format":"standard","meta":{"sfsi_plus_gutenberg_text_before_share":"","sfsi_plus_gutenberg_show_text_before_share":"","sfsi_plus_gutenberg_icon_type":"","sfsi_plus_gutenberg_icon_alignemt":"","sfsi_plus_gutenburg_max_per_row":"","footnotes":""},"categories":[2],"tags":[],"class_list":["post-158357","post","type-post","status-publish","format-standard","has-post-thumbnail","hentry","category-geral"],"_links":{"self":[{"href":"https:\/\/www.caririemacao.com\/1\/wp-json\/wp\/v2\/posts\/158357","targetHints":{"allow":["GET"]}}],"collection":[{"href":"https:\/\/www.caririemacao.com\/1\/wp-json\/wp\/v2\/posts"}],"about":[{"href":"https:\/\/www.caririemacao.com\/1\/wp-json\/wp\/v2\/types\/post"}],"author":[{"embeddable":true,"href":"https:\/\/www.caririemacao.com\/1\/wp-json\/wp\/v2\/users\/2"}],"replies":[{"embeddable":true,"href":"https:\/\/www.caririemacao.com\/1\/wp-json\/wp\/v2\/comments?post=158357"}],"version-history":[{"count":1,"href":"https:\/\/www.caririemacao.com\/1\/wp-json\/wp\/v2\/posts\/158357\/revisions"}],"predecessor-version":[{"id":158359,"href":"https:\/\/www.caririemacao.com\/1\/wp-json\/wp\/v2\/posts\/158357\/revisions\/158359"}],"wp:featuredmedia":[{"embeddable":true,"href":"https:\/\/www.caririemacao.com\/1\/wp-json\/wp\/v2\/media\/158358"}],"wp:attachment":[{"href":"https:\/\/www.caririemacao.com\/1\/wp-json\/wp\/v2\/media?parent=158357"}],"wp:term":[{"taxonomy":"category","embeddable":true,"href":"https:\/\/www.caririemacao.com\/1\/wp-json\/wp\/v2\/categories?post=158357"},{"taxonomy":"post_tag","embeddable":true,"href":"https:\/\/www.caririemacao.com\/1\/wp-json\/wp\/v2\/tags?post=158357"}],"curies":[{"name":"wp","href":"https:\/\/api.w.org\/{rel}","templated":true}]}}