{"id":158370,"date":"2020-03-17T09:02:37","date_gmt":"2020-03-17T12:02:37","guid":{"rendered":"http:\/\/www.caririemacao.com\/1\/?p=158370"},"modified":"2020-03-17T09:02:39","modified_gmt":"2020-03-17T12:02:39","slug":"coronavirus-igreja-catolica-limita-numeros-de-fieis-em-missas-e-suspende-eventos-na-pb","status":"publish","type":"post","link":"https:\/\/www.caririemacao.com\/1\/2020\/03\/17\/coronavirus-igreja-catolica-limita-numeros-de-fieis-em-missas-e-suspende-eventos-na-pb\/","title":{"rendered":"CORONAV\u00cdRUS: Igreja Cat\u00f3lica limita n\u00fameros de fi\u00e9is em missas e suspende eventos na PB"},"content":{"rendered":"\n<p>A Arquidiocese da Para\u00edba informou, nesta segunda-feira (16), as medidas que ser\u00e3o tomadas pela Igreja Cat\u00f3lica no Estado diante a prolifera\u00e7\u00e3o do novo coronav\u00edrus em todo Brasil.<\/p>\n\n\n\n<p>Est\u00e3o suspensos os eventos que re\u00fanam grande quantidade de pessoas, como Catequese, EJC e ECC, al\u00e9m de assembleias, via-sacras p\u00fablicas, prociss\u00f5es e festas de padroeiros.<\/p>\n\n\n\n<p>As missas n\u00e3o poder\u00e3o comportar mais de 100 pessoas em ambientes fechados ou 200 em locais abertos. Se a celebra\u00e7\u00e3o em lugar fechado, as janelas ter\u00e3o que ficar abertas.<\/p>\n\n\n\n<p>Idosos e pessoas que se enquadram no grupo de riscos est\u00e3o dispensados de participar presencialmente dos rituais eucar\u00edsticos.<\/p>\n\n\n\n<p>Foram suspensos tamb\u00e9m os mutir\u00f5es de confiss\u00f5es. A recomenda\u00e7\u00e3o \u00e9 que as igrejas aumentem o n\u00famero de missas para reduzir a quantidade de pessoas.<\/p>\n\n\n\n<p><strong>Confira a nota:&nbsp;<\/strong><\/p>\n\n\n\n<p>1.&nbsp; Prevalecem as orienta\u00e7\u00f5es publicadas no dia 27 de fevereiro de 2020 para as celebra\u00e7\u00f5es: evitar o abra\u00e7o da paz, evitar dar as m\u00e3os na ora\u00e7\u00e3o do Pai-Nosso e que a Sagrada Comunh\u00e3o seja recebida na m\u00e3o.<\/p>\n\n\n\n<p>2.&nbsp; A partir desta data, est\u00e3o suspensas todas as atividades que re\u00fanam grande n\u00famero de fieis, a saber: encontros (catequese, escola da f\u00e9, ECC, EJC, etc), assembleias, Vias-Sacras p\u00fablicas, prociss\u00f5es, festas de padroeiro e aglomera\u00e7\u00f5es acima de 100 pessoas em ambiente fechado e 200 pessoas em ambiente aberto;<\/p>\n\n\n\n<p>3.&nbsp; As celebra\u00e7\u00f5es da Eucaristia n\u00e3o podem reunir mais de 100 pessoas em ambiente fechado ou 200 pessoas em ambiente aberto;<\/p>\n\n\n\n<p>4.&nbsp; Durante as celebra\u00e7\u00f5es, as igrejas permane\u00e7am com portas e janelas abertas, facilitando a circula\u00e7\u00e3o da ventila\u00e7\u00e3o;<\/p>\n\n\n\n<p>5.&nbsp; Redobrar a aten\u00e7\u00e3o com a higieniza\u00e7\u00e3o, tomando os seguintes cuidados: oferecer \u00e1rea para lavagem das m\u00e3os e\/ou sempre que poss\u00edvel, disponibilizar \u00e1lcool em gel para os fieis e manter com rigor a limpeza do ambiente celebrativo;<\/p>\n\n\n\n<p>6.&nbsp; Os idosos e as pessoas que se enquadram nos grupos de risco est\u00e3o dispensados de participar presencialmente das Missas, podendo acompanha-las a partir dos meios de comunica\u00e7\u00e3o, como r\u00e1dio, tv e redes sociais;<\/p>\n\n\n\n<p>7.&nbsp; Ao clero: suspender os mutir\u00f5es de confiss\u00e3o, aumentando os dias e hor\u00e1rios de atendimentos aos fieis. Recomendamos, ainda, aumentar o n\u00famero de Missas visando diminuir a quantidade de pessoas nas celebra\u00e7\u00f5es;<\/p>\n\n\n\n<p>8.&nbsp; Ficam suspensas as pr\u00f3ximas Visitas Pastorais.<\/p>\n\n\n\n<p><em>Com Mais PB<\/em><\/p>\n","protected":false},"excerpt":{"rendered":"<p>A Arquidiocese da Para\u00edba informou, nesta segunda-feira (16), as medidas que ser\u00e3o tomadas pela Igreja Cat\u00f3lica no Estado diante a prolifera\u00e7\u00e3o do novo coronav\u00edrus em&hellip; <\/p>\n","protected":false},"author":2,"featured_media":158371,"comment_status":"closed","ping_status":"closed","sticky":false,"template":"","format":"standard","meta":{"sfsi_plus_gutenberg_text_before_share":"","sfsi_plus_gutenberg_show_text_before_share":"","sfsi_plus_gutenberg_icon_type":"","sfsi_plus_gutenberg_icon_alignemt":"","sfsi_plus_gutenburg_max_per_row":"","footnotes":""},"categories":[16],"tags":[],"class_list":["post-158370","post","type-post","status-publish","format-standard","has-post-thumbnail","hentry","category-saude"],"_links":{"self":[{"href":"https:\/\/www.caririemacao.com\/1\/wp-json\/wp\/v2\/posts\/158370","targetHints":{"allow":["GET"]}}],"collection":[{"href":"https:\/\/www.caririemacao.com\/1\/wp-json\/wp\/v2\/posts"}],"about":[{"href":"https:\/\/www.caririemacao.com\/1\/wp-json\/wp\/v2\/types\/post"}],"author":[{"embeddable":true,"href":"https:\/\/www.caririemacao.com\/1\/wp-json\/wp\/v2\/users\/2"}],"replies":[{"embeddable":true,"href":"https:\/\/www.caririemacao.com\/1\/wp-json\/wp\/v2\/comments?post=158370"}],"version-history":[{"count":1,"href":"https:\/\/www.caririemacao.com\/1\/wp-json\/wp\/v2\/posts\/158370\/revisions"}],"predecessor-version":[{"id":158372,"href":"https:\/\/www.caririemacao.com\/1\/wp-json\/wp\/v2\/posts\/158370\/revisions\/158372"}],"wp:featuredmedia":[{"embeddable":true,"href":"https:\/\/www.caririemacao.com\/1\/wp-json\/wp\/v2\/media\/158371"}],"wp:attachment":[{"href":"https:\/\/www.caririemacao.com\/1\/wp-json\/wp\/v2\/media?parent=158370"}],"wp:term":[{"taxonomy":"category","embeddable":true,"href":"https:\/\/www.caririemacao.com\/1\/wp-json\/wp\/v2\/categories?post=158370"},{"taxonomy":"post_tag","embeddable":true,"href":"https:\/\/www.caririemacao.com\/1\/wp-json\/wp\/v2\/tags?post=158370"}],"curies":[{"name":"wp","href":"https:\/\/api.w.org\/{rel}","templated":true}]}}