{"id":158375,"date":"2020-03-17T10:26:19","date_gmt":"2020-03-17T13:26:19","guid":{"rendered":"http:\/\/www.caririemacao.com\/1\/?p=158375"},"modified":"2020-03-17T10:26:22","modified_gmt":"2020-03-17T13:26:22","slug":"ufcg-divulga-resultado-da-selecao-para-vagas-remanescentes-2020-1","status":"publish","type":"post","link":"https:\/\/www.caririemacao.com\/1\/2020\/03\/17\/ufcg-divulga-resultado-da-selecao-para-vagas-remanescentes-2020-1\/","title":{"rendered":"UFCG divulga resultado da sele\u00e7\u00e3o para vagas remanescentes 2020.1"},"content":{"rendered":"\n<div class=\"wp-block-image\"><figure class=\"aligncenter\"><a href=\"http:\/\/noticiasemdestaque.com\/cd\/wp-content\/uploads\/2019\/07\/ufcg-1-850x491.jpg\"><img decoding=\"async\" data-src=\"http:\/\/noticiasemdestaque.com\/cd\/wp-content\/uploads\/2019\/07\/ufcg-1-850x491.jpg\" alt=\"\" class=\"wp-image-18263 lazyload\" src=\"data:image\/svg+xml;base64,PHN2ZyB3aWR0aD0iMSIgaGVpZ2h0PSIxIiB4bWxucz0iaHR0cDovL3d3dy53My5vcmcvMjAwMC9zdmciPjwvc3ZnPg==\" style=\"--smush-placeholder-width: 850px; --smush-placeholder-aspect-ratio: 850\/491;\" \/><\/a><\/figure><\/div>\n\n\n\n<p>A Comiss\u00e3o de Processos Vestibulares (Comprov) da Universidade Federal de Campina Grande (UFCG) divulgou, na manh\u00e3 desta segunda-feira, 16, o resultado do processo seletivo para preenchimento de vagas remanescentes do Sistema de Sele\u00e7\u00e3o Unificada (SISU) 2020.1. Mais de mil pessoas se inscreveram para a sele\u00e7\u00e3o.<\/p>\n\n\n\n<p>Foram classificados 107 candidatos para ocupar vagas em cursos de gradua\u00e7\u00e3o distribu\u00eddos em cinco campi da institui\u00e7\u00e3o: Campina Grande, Cuit\u00e9, Patos, Pombal e Sum\u00e9.<\/p>\n\n\n\n<p>O cadastramento e a matr\u00edcula em disciplinas dos candidatos classificados ser\u00e3o realizados no dia 18. Caso ainda haja vagas remanescentes ap\u00f3s os procedimentos, uma segunda chamada ser\u00e1 realizada na pr\u00f3xima quinta-feira, dia 19, com cadastramento e matr\u00edcula sendo realizados na sexta, dia 20.<\/p>\n\n\n\n<p>Confira&nbsp;<strong><a href=\"https:\/\/comprov.ufcg.edu.br\/component\/phocadownload\/category\/108-vestibular-vagas-remanescentes-2020.html?download=1026:resultado\">aqui<\/a><\/strong>&nbsp;o resultado.<\/p>\n","protected":false},"excerpt":{"rendered":"<p>A Comiss\u00e3o de Processos Vestibulares (Comprov) da Universidade Federal de Campina Grande (UFCG) divulgou, na manh\u00e3 desta segunda-feira, 16, o resultado do processo seletivo para&hellip; <\/p>\n","protected":false},"author":2,"featured_media":155670,"comment_status":"closed","ping_status":"closed","sticky":false,"template":"","format":"standard","meta":{"sfsi_plus_gutenberg_text_before_share":"","sfsi_plus_gutenberg_show_text_before_share":"","sfsi_plus_gutenberg_icon_type":"","sfsi_plus_gutenberg_icon_alignemt":"","sfsi_plus_gutenburg_max_per_row":"","footnotes":""},"categories":[2],"tags":[],"class_list":["post-158375","post","type-post","status-publish","format-standard","has-post-thumbnail","hentry","category-geral"],"_links":{"self":[{"href":"https:\/\/www.caririemacao.com\/1\/wp-json\/wp\/v2\/posts\/158375","targetHints":{"allow":["GET"]}}],"collection":[{"href":"https:\/\/www.caririemacao.com\/1\/wp-json\/wp\/v2\/posts"}],"about":[{"href":"https:\/\/www.caririemacao.com\/1\/wp-json\/wp\/v2\/types\/post"}],"author":[{"embeddable":true,"href":"https:\/\/www.caririemacao.com\/1\/wp-json\/wp\/v2\/users\/2"}],"replies":[{"embeddable":true,"href":"https:\/\/www.caririemacao.com\/1\/wp-json\/wp\/v2\/comments?post=158375"}],"version-history":[{"count":1,"href":"https:\/\/www.caririemacao.com\/1\/wp-json\/wp\/v2\/posts\/158375\/revisions"}],"predecessor-version":[{"id":158376,"href":"https:\/\/www.caririemacao.com\/1\/wp-json\/wp\/v2\/posts\/158375\/revisions\/158376"}],"wp:featuredmedia":[{"embeddable":true,"href":"https:\/\/www.caririemacao.com\/1\/wp-json\/wp\/v2\/media\/155670"}],"wp:attachment":[{"href":"https:\/\/www.caririemacao.com\/1\/wp-json\/wp\/v2\/media?parent=158375"}],"wp:term":[{"taxonomy":"category","embeddable":true,"href":"https:\/\/www.caririemacao.com\/1\/wp-json\/wp\/v2\/categories?post=158375"},{"taxonomy":"post_tag","embeddable":true,"href":"https:\/\/www.caririemacao.com\/1\/wp-json\/wp\/v2\/tags?post=158375"}],"curies":[{"name":"wp","href":"https:\/\/api.w.org\/{rel}","templated":true}]}}