{"id":158379,"date":"2020-03-17T10:47:10","date_gmt":"2020-03-17T13:47:10","guid":{"rendered":"http:\/\/www.caririemacao.com\/1\/?p=158379"},"modified":"2020-03-17T10:56:33","modified_gmt":"2020-03-17T13:56:33","slug":"nota-oficial-prefeitura-de-camalau-cancela-shows-alusivos-as-comemoracoes-do-aniversario-do-municipio","status":"publish","type":"post","link":"https:\/\/www.caririemacao.com\/1\/2020\/03\/17\/nota-oficial-prefeitura-de-camalau-cancela-shows-alusivos-as-comemoracoes-do-aniversario-do-municipio\/","title":{"rendered":"NOTA OFICIAL: Prefeitura de Camala\u00fa cancela shows alusivos as comemora\u00e7\u00f5es do anivers\u00e1rio do Munic\u00edpio"},"content":{"rendered":"\n<p>Em raz\u00e3o do momento atual e dos riscos relacionados \u00e0 pandemia do coronav\u00edrus, bem como a atender \u00e0s recomenda\u00e7\u00f5es de preven\u00e7\u00e3o apresentadas pela Organiza\u00e7\u00e3o Mundial de Sa\u00fade. <\/p>\n\n\n\n<p>A Prefeitura Municipal de Camala\u00fa decidiu cancelar os shows alusivos \u00e0 comemora\u00e7\u00e3o da Emancipa\u00e7\u00e3o Pol\u00edtica do Munic\u00edpio que ocorreriam no pr\u00f3ximo dia 18\/03 na Pra\u00e7a de Eventos. <\/p>\n\n\n\n<p>O prefeito Sandro M\u00f4co refor\u00e7a o compromisso de prezar, de modo prim\u00e1rio, pela sa\u00fade e bem-estar da popula\u00e7\u00e3o. Em virtude disso, decidiu tomar essa decis\u00e3o em conjunto com sua equipe para o  bem-estar de todos. <\/p>\n","protected":false},"excerpt":{"rendered":"<p>Em raz\u00e3o do momento atual e dos riscos relacionados \u00e0 pandemia do coronav\u00edrus, bem como a atender \u00e0s recomenda\u00e7\u00f5es de preven\u00e7\u00e3o apresentadas pela Organiza\u00e7\u00e3o Mundial&hellip; <\/p>\n","protected":false},"author":1,"featured_media":158397,"comment_status":"closed","ping_status":"closed","sticky":false,"template":"","format":"standard","meta":{"sfsi_plus_gutenberg_text_before_share":"","sfsi_plus_gutenberg_show_text_before_share":"","sfsi_plus_gutenberg_icon_type":"","sfsi_plus_gutenberg_icon_alignemt":"","sfsi_plus_gutenburg_max_per_row":"","footnotes":""},"categories":[6,50],"tags":[],"class_list":["post-158379","post","type-post","status-publish","format-standard","has-post-thumbnail","hentry","category-cidades","category-destaque"],"_links":{"self":[{"href":"https:\/\/www.caririemacao.com\/1\/wp-json\/wp\/v2\/posts\/158379","targetHints":{"allow":["GET"]}}],"collection":[{"href":"https:\/\/www.caririemacao.com\/1\/wp-json\/wp\/v2\/posts"}],"about":[{"href":"https:\/\/www.caririemacao.com\/1\/wp-json\/wp\/v2\/types\/post"}],"author":[{"embeddable":true,"href":"https:\/\/www.caririemacao.com\/1\/wp-json\/wp\/v2\/users\/1"}],"replies":[{"embeddable":true,"href":"https:\/\/www.caririemacao.com\/1\/wp-json\/wp\/v2\/comments?post=158379"}],"version-history":[{"count":5,"href":"https:\/\/www.caririemacao.com\/1\/wp-json\/wp\/v2\/posts\/158379\/revisions"}],"predecessor-version":[{"id":158412,"href":"https:\/\/www.caririemacao.com\/1\/wp-json\/wp\/v2\/posts\/158379\/revisions\/158412"}],"wp:featuredmedia":[{"embeddable":true,"href":"https:\/\/www.caririemacao.com\/1\/wp-json\/wp\/v2\/media\/158397"}],"wp:attachment":[{"href":"https:\/\/www.caririemacao.com\/1\/wp-json\/wp\/v2\/media?parent=158379"}],"wp:term":[{"taxonomy":"category","embeddable":true,"href":"https:\/\/www.caririemacao.com\/1\/wp-json\/wp\/v2\/categories?post=158379"},{"taxonomy":"post_tag","embeddable":true,"href":"https:\/\/www.caririemacao.com\/1\/wp-json\/wp\/v2\/tags?post=158379"}],"curies":[{"name":"wp","href":"https:\/\/api.w.org\/{rel}","templated":true}]}}