{"id":158383,"date":"2020-03-17T10:32:20","date_gmt":"2020-03-17T13:32:20","guid":{"rendered":"http:\/\/www.caririemacao.com\/1\/?p=158383"},"modified":"2020-03-17T10:32:22","modified_gmt":"2020-03-17T13:32:22","slug":"ufpb-suspende-aulas-presenciais-para-evitar-contaminacao-do-novo-coronavirus","status":"publish","type":"post","link":"https:\/\/www.caririemacao.com\/1\/2020\/03\/17\/ufpb-suspende-aulas-presenciais-para-evitar-contaminacao-do-novo-coronavirus\/","title":{"rendered":"UFPB suspende aulas presenciais para evitar contamina\u00e7\u00e3o do novo coronav\u00edrus"},"content":{"rendered":"\n<p>&nbsp;Universidade Federal da Para\u00edba (UFPB) resolveu suspender aulas presenciais a partir desta ter\u00e7a-feira (17), por tempo indeterminado, para evitar contamina\u00e7\u00e3o do novo coronav\u00edrus (covid-19) na Para\u00edba. A carga hor\u00e1ria que falta para os estudantes de gradua\u00e7\u00e3o conclu\u00edrem o per\u00edodo letivo de 2019.2, previsto para ser finalizado em 1\u00b0 de abril, ser\u00e1 desenvolvida por meio de atividades online.<\/p>\n\n\n\n<p>A decis\u00e3o, respaldada pela Comiss\u00e3o de Enfrentamento ao Coronav\u00edrus da UFPB, criada na \u00faltima quinta-feira (12), \u00e9 resultado de reuni\u00e3o emergencial do Conselho T\u00e9cnico-Administrativo (CTA) da institui\u00e7\u00e3o, na tarde desta segunda-feira (16), na Secretaria dos \u00d3rg\u00e3os Deliberativos da Administra\u00e7\u00e3o Superior (Sods), no pr\u00e9dio da Reitoria, no campus-sede, em Jo\u00e3o Pessoa.<\/p>\n\n\n\n<p>A institui\u00e7\u00e3o tamb\u00e9m manteve veto a eventos acad\u00eamicos e admiss\u00e3o de trabalho&nbsp;<em>home office<\/em>&nbsp;para t\u00e9cnicos-administrativos, conforme parecer deste domingo (15), ap\u00f3s reuni\u00e3o emergencial com diretores dos Centros de Ensino de todos os campi da UFPB e com a Comiss\u00e3o de Enfrentamento ao Coronav\u00edrus da institui\u00e7\u00e3o.<\/p>\n\n\n\n<p>Essas medidas e suas especifica\u00e7\u00f5es, elaboradas pela Administra\u00e7\u00e3o Superior, Pr\u00f3-reitorias e Centros de Ensino, ser\u00e3o reunidas e certificadas pela Comiss\u00e3o de Enfrentamento ao Coronav\u00edrus da UFPB na manh\u00e3 desta ter\u00e7a-feira (17) e encaminhadas para o Minist\u00e9rio da Educa\u00e7\u00e3o, em Bras\u00edlia.&nbsp;De acordo com a reitora da UFPB, professora Margareth Diniz, os residentes ter\u00e3o suporte para permanecer na universidade.<\/p>\n\n\n\n<p>As delibera\u00e7\u00f5es consideram o status de pandemia da doen\u00e7a infecciosa, reconhecido pela Organiza\u00e7\u00e3o Mundial da Sa\u00fade (OMS) na quarta-feira (11) passada; a situa\u00e7\u00e3o de emerg\u00eancia decretada pelo Governo do Estado da Para\u00edba e pela Prefeitura Municipal de Jo\u00e3o Pessoa, na \u00faltima sexta-feira (13); e uma s\u00e9rie de recomenda\u00e7\u00f5es e instru\u00e7\u00f5es normativas dos Minist\u00e9rios da Sa\u00fade, da Educa\u00e7\u00e3o e da Economia brasileiros. A Para\u00edba ainda n\u00e3o tem caso confirmado, de acordo com a Secretaria de Sa\u00fade do Estado.<\/p>\n","protected":false},"excerpt":{"rendered":"<p>&nbsp;Universidade Federal da Para\u00edba (UFPB) resolveu suspender aulas presenciais a partir desta ter\u00e7a-feira (17), por tempo indeterminado, para evitar contamina\u00e7\u00e3o do novo coronav\u00edrus (covid-19) na&hellip; <\/p>\n","protected":false},"author":2,"featured_media":158384,"comment_status":"closed","ping_status":"closed","sticky":false,"template":"","format":"standard","meta":{"sfsi_plus_gutenberg_text_before_share":"","sfsi_plus_gutenberg_show_text_before_share":"","sfsi_plus_gutenberg_icon_type":"","sfsi_plus_gutenberg_icon_alignemt":"","sfsi_plus_gutenburg_max_per_row":"","footnotes":""},"categories":[2],"tags":[],"class_list":["post-158383","post","type-post","status-publish","format-standard","has-post-thumbnail","hentry","category-geral"],"_links":{"self":[{"href":"https:\/\/www.caririemacao.com\/1\/wp-json\/wp\/v2\/posts\/158383","targetHints":{"allow":["GET"]}}],"collection":[{"href":"https:\/\/www.caririemacao.com\/1\/wp-json\/wp\/v2\/posts"}],"about":[{"href":"https:\/\/www.caririemacao.com\/1\/wp-json\/wp\/v2\/types\/post"}],"author":[{"embeddable":true,"href":"https:\/\/www.caririemacao.com\/1\/wp-json\/wp\/v2\/users\/2"}],"replies":[{"embeddable":true,"href":"https:\/\/www.caririemacao.com\/1\/wp-json\/wp\/v2\/comments?post=158383"}],"version-history":[{"count":1,"href":"https:\/\/www.caririemacao.com\/1\/wp-json\/wp\/v2\/posts\/158383\/revisions"}],"predecessor-version":[{"id":158385,"href":"https:\/\/www.caririemacao.com\/1\/wp-json\/wp\/v2\/posts\/158383\/revisions\/158385"}],"wp:featuredmedia":[{"embeddable":true,"href":"https:\/\/www.caririemacao.com\/1\/wp-json\/wp\/v2\/media\/158384"}],"wp:attachment":[{"href":"https:\/\/www.caririemacao.com\/1\/wp-json\/wp\/v2\/media?parent=158383"}],"wp:term":[{"taxonomy":"category","embeddable":true,"href":"https:\/\/www.caririemacao.com\/1\/wp-json\/wp\/v2\/categories?post=158383"},{"taxonomy":"post_tag","embeddable":true,"href":"https:\/\/www.caririemacao.com\/1\/wp-json\/wp\/v2\/tags?post=158383"}],"curies":[{"name":"wp","href":"https:\/\/api.w.org\/{rel}","templated":true}]}}