{"id":158387,"date":"2020-03-17T10:35:24","date_gmt":"2020-03-17T13:35:24","guid":{"rendered":"http:\/\/www.caririemacao.com\/1\/?p=158387"},"modified":"2020-03-17T10:35:26","modified_gmt":"2020-03-17T13:35:26","slug":"atencao-basica-realiza-reuniao-para-tracar-metas-na-prevencao-ao-coronavirus-em-monteiro","status":"publish","type":"post","link":"https:\/\/www.caririemacao.com\/1\/2020\/03\/17\/atencao-basica-realiza-reuniao-para-tracar-metas-na-prevencao-ao-coronavirus-em-monteiro\/","title":{"rendered":"Aten\u00e7\u00e3o B\u00e1sica realiza reuni\u00e3o para tra\u00e7ar metas na preven\u00e7\u00e3o ao coronav\u00edrus em Monteiro"},"content":{"rendered":"\n<p>&nbsp;de sa\u00fade, ACS\u2019s do munic\u00edpio para tratar sobre a\u00e7\u00f5es a serem realizadas em rela\u00e7\u00e3o \u00e0 pandemia do Coronav\u00edrus.<\/p>\n\n\n\n<p>A reuni\u00e3o foi realizada na C\u00e2mara Municipal de Monteiro, e foi coordenada por uma das diretoras de aten\u00e7\u00e3o b\u00e1sica do munic\u00edpio, Fabiana Ferreira, com a participa\u00e7\u00e3o do vereador e Presidente da C\u00e2mara Caj\u00f3 Menezes, representando o poder legislativo.<\/p>\n\n\n\n<div class=\"wp-block-image\"><figure class=\"alignleft\"><img decoding=\"async\" data-src=\"https:\/\/i0.wp.com\/www.vitrinedocariri.com.br\/wp-content\/uploads\/2020\/03\/Aten%C3%A7%C3%A3o-B%C3%A1sica-realiza-reuni%C3%A3o-emergencial-para-tra%C3%A7ar-metas-de-curto-prazo-na-preven%C3%A7%C3%A3o-ao-coronav%C3%ADrus-em-Monteiro-1.jpeg?resize=300%2C200&amp;ssl=1\" alt=\"\" class=\"wp-image-66373 lazyload\" src=\"data:image\/svg+xml;base64,PHN2ZyB3aWR0aD0iMSIgaGVpZ2h0PSIxIiB4bWxucz0iaHR0cDovL3d3dy53My5vcmcvMjAwMC9zdmciPjwvc3ZnPg==\" \/><\/figure><\/div>\n\n\n\n<p>Na reuni\u00e3o foram discutidas e tra\u00e7adas a\u00e7\u00f5es de curto prazo, de car\u00e1ter&nbsp;informativo no que diz respeito \u00e0 preven\u00e7\u00e3o da doen\u00e7a, que ser\u00e3o executadas pelos ACS\u2019s em todo o munic\u00edpio. De acordo com Fabiana Ferreira, al\u00e9m destas a\u00e7\u00f5es informativas, a secretaria de sa\u00fade est\u00e1 dando prioridade a outras provid\u00eancias em rela\u00e7\u00e3o ao problema.<\/p>\n\n\n\n<p>A Secretaria de Sa\u00fade tamb\u00e9m acatou de imediato, um pedido do vereador Caj\u00f3 atrav\u00e9s de requerimento apresentado na \u00faltima quinta feira, 12, de que seja elaborado em car\u00e1ter de urg\u00eancia, um Plano Emergencial de Contig\u00eancia e colocado em pr\u00e1tica o mais r\u00e1pido poss\u00edvel, tendo em vista a gravidade da situa\u00e7\u00e3o.<\/p>\n\n\n\n<div class=\"wp-block-image\"><figure class=\"alignleft\"><img decoding=\"async\" data-src=\"https:\/\/i2.wp.com\/www.vitrinedocariri.com.br\/wp-content\/uploads\/2020\/03\/Aten%C3%A7%C3%A3o-B%C3%A1sica-realiza-reuni%C3%A3o-emergencial-para-tra%C3%A7ar-metas-de-curto-prazo-na-preven%C3%A7%C3%A3o-ao-coronav%C3%ADrus-em-Monteiro-8.jpeg?resize=300%2C200&amp;ssl=1\" alt=\"\" class=\"wp-image-66375 lazyload\" src=\"data:image\/svg+xml;base64,PHN2ZyB3aWR0aD0iMSIgaGVpZ2h0PSIxIiB4bWxucz0iaHR0cDovL3d3dy53My5vcmcvMjAwMC9zdmciPjwvc3ZnPg==\" \/><\/figure><\/div>\n\n\n\n<p>A diretora de aten\u00e7\u00e3o b\u00e1sica do munic\u00edpio, Fabiana Ferreira, afirmou que a prefeita Anna Lorena determinou que seja dada total prioridade \u00e0s a\u00e7\u00f5es relativas ao tema, e que n\u00e3o s\u00f3 a secretaria de sa\u00fade, mas uma verdadeira for\u00e7a tarefa, que inclua em conjunto todos os setores da administra\u00e7\u00e3o municipal, meios de comunica\u00e7\u00e3o, para todos que possam colaborar neste momento de extrema preocupa\u00e7\u00e3o.<\/p>\n","protected":false},"excerpt":{"rendered":"<p>&nbsp;de sa\u00fade, ACS\u2019s do munic\u00edpio para tratar sobre a\u00e7\u00f5es a serem realizadas em rela\u00e7\u00e3o \u00e0 pandemia do Coronav\u00edrus. A reuni\u00e3o foi realizada na C\u00e2mara Municipal&hellip; <\/p>\n","protected":false},"author":2,"featured_media":158388,"comment_status":"closed","ping_status":"closed","sticky":false,"template":"","format":"standard","meta":{"sfsi_plus_gutenberg_text_before_share":"","sfsi_plus_gutenberg_show_text_before_share":"","sfsi_plus_gutenberg_icon_type":"","sfsi_plus_gutenberg_icon_alignemt":"","sfsi_plus_gutenburg_max_per_row":"","footnotes":""},"categories":[2],"tags":[],"class_list":["post-158387","post","type-post","status-publish","format-standard","has-post-thumbnail","hentry","category-geral"],"_links":{"self":[{"href":"https:\/\/www.caririemacao.com\/1\/wp-json\/wp\/v2\/posts\/158387","targetHints":{"allow":["GET"]}}],"collection":[{"href":"https:\/\/www.caririemacao.com\/1\/wp-json\/wp\/v2\/posts"}],"about":[{"href":"https:\/\/www.caririemacao.com\/1\/wp-json\/wp\/v2\/types\/post"}],"author":[{"embeddable":true,"href":"https:\/\/www.caririemacao.com\/1\/wp-json\/wp\/v2\/users\/2"}],"replies":[{"embeddable":true,"href":"https:\/\/www.caririemacao.com\/1\/wp-json\/wp\/v2\/comments?post=158387"}],"version-history":[{"count":1,"href":"https:\/\/www.caririemacao.com\/1\/wp-json\/wp\/v2\/posts\/158387\/revisions"}],"predecessor-version":[{"id":158389,"href":"https:\/\/www.caririemacao.com\/1\/wp-json\/wp\/v2\/posts\/158387\/revisions\/158389"}],"wp:featuredmedia":[{"embeddable":true,"href":"https:\/\/www.caririemacao.com\/1\/wp-json\/wp\/v2\/media\/158388"}],"wp:attachment":[{"href":"https:\/\/www.caririemacao.com\/1\/wp-json\/wp\/v2\/media?parent=158387"}],"wp:term":[{"taxonomy":"category","embeddable":true,"href":"https:\/\/www.caririemacao.com\/1\/wp-json\/wp\/v2\/categories?post=158387"},{"taxonomy":"post_tag","embeddable":true,"href":"https:\/\/www.caririemacao.com\/1\/wp-json\/wp\/v2\/tags?post=158387"}],"curies":[{"name":"wp","href":"https:\/\/api.w.org\/{rel}","templated":true}]}}