{"id":158396,"date":"2020-03-17T10:47:32","date_gmt":"2020-03-17T13:47:32","guid":{"rendered":"http:\/\/www.caririemacao.com\/1\/?p=158396"},"modified":"2020-03-17T10:47:35","modified_gmt":"2020-03-17T13:47:35","slug":"jose-maranhao-e-atingido-por-medidas-de-contencao-do-senado-ao-novo-coronavirus","status":"publish","type":"post","link":"https:\/\/www.caririemacao.com\/1\/2020\/03\/17\/jose-maranhao-e-atingido-por-medidas-de-contencao-do-senado-ao-novo-coronavirus\/","title":{"rendered":"Jos\u00e9 Maranh\u00e3o \u00e9 atingido por medidas de conten\u00e7\u00e3o do Senado ao novo coronav\u00edrus"},"content":{"rendered":"\n<p>O senador paraibano Jos\u00e9 Maranh\u00e3o (MDB) est\u00e1 desobrigado das atividades no Senado Federal. Ele \u00e9 um dos parlamentares atingidos pela nova medida do Senado de conten\u00e7\u00e3o ao novo coronavirus (Covid-19), em que ficam consideradas justificadas as aus\u00eancias em reuni\u00f5es de comiss\u00e3o e do Plen\u00e1rio parlamentares com mais de 65 anos, gestantes, imunodeprimidos ou portadores de doen\u00e7as cr\u00f4nicas. Maranh\u00e3o \u00e9 o titular mais velho da atual legislatura. Ele far\u00e1 87 anos em setembro.<\/p>\n\n\n\n<p>O grupo dispensado comp\u00f5e risco de aumento de mortalidade por Covid-19. Servidores e colaboradores enquadrados nas mesmas condi\u00e7\u00f5es tamb\u00e9m ser\u00e3o colocados em regime de teletrabalho.<\/p>\n\n\n\n<p>O senador Davi Alcolumbre assinar\u00e1 dois atos administrativos ainda nesta segunda-feira (16) e eles entram em vigor imediatamente.<br>De acordo com a Ag\u00eancia Senado, as regulamenta\u00e7\u00f5es relativas aos atos ser\u00e3o publicadas no decorrer desta semana. As medidas tamb\u00e9m restringem as atividades legislativas do Senado a reuni\u00f5es deliberativas, tanto nas comiss\u00f5es quanto nas sess\u00f5es plen\u00e1rias, enquanto perdurarem as medidas de conten\u00e7\u00e3o \u00e0 covid-19. Reuni\u00f5es n\u00e3o deliberativas de comiss\u00f5es, como audi\u00eancias p\u00fablicas, depender\u00e3o de autoriza\u00e7\u00e3o da Presid\u00eancia do Senado.<\/p>\n\n\n\n<p>De acordo com os atos, fica suspensa a obrigatoriedade do registro eletr\u00f4nico de frequ\u00eancia de todos os servidores e colaboradores e recomendada a ado\u00e7\u00e3o de teletrabalho, sempre que poss\u00edvel. Cada unidade administrativa do Senado poder\u00e1 flexibilizar as formas de cumprimento da jornada de trabalho, garantindo a manuten\u00e7\u00e3o de seu pleno funcionamento.<\/p>\n\n\n\n<p>Ficam suspensos ainda os crach\u00e1s de acesso ao espa\u00e7o Senador Luiz Henrique da Silveira, conhecido como \u201ccafezinho dos senadores\u201d, localizado ao lado do Plen\u00e1rio da Casa. Os atendimentos internos administrativos presenciais tamb\u00e9m ser\u00e3o suspensos, inclusive recadastramento de aposentados e pensionistas. Quando for indispens\u00e1vel, o atendimento ser\u00e1 feito mediante agendamento pr\u00e9vio.<\/p>\n","protected":false},"excerpt":{"rendered":"<p>O senador paraibano Jos\u00e9 Maranh\u00e3o (MDB) est\u00e1 desobrigado das atividades no Senado Federal. Ele \u00e9 um dos parlamentares atingidos pela nova medida do Senado de&hellip; <\/p>\n","protected":false},"author":2,"featured_media":158399,"comment_status":"closed","ping_status":"closed","sticky":false,"template":"","format":"standard","meta":{"sfsi_plus_gutenberg_text_before_share":"","sfsi_plus_gutenberg_show_text_before_share":"","sfsi_plus_gutenberg_icon_type":"","sfsi_plus_gutenberg_icon_alignemt":"","sfsi_plus_gutenburg_max_per_row":"","footnotes":""},"categories":[2],"tags":[],"class_list":["post-158396","post","type-post","status-publish","format-standard","has-post-thumbnail","hentry","category-geral"],"_links":{"self":[{"href":"https:\/\/www.caririemacao.com\/1\/wp-json\/wp\/v2\/posts\/158396","targetHints":{"allow":["GET"]}}],"collection":[{"href":"https:\/\/www.caririemacao.com\/1\/wp-json\/wp\/v2\/posts"}],"about":[{"href":"https:\/\/www.caririemacao.com\/1\/wp-json\/wp\/v2\/types\/post"}],"author":[{"embeddable":true,"href":"https:\/\/www.caririemacao.com\/1\/wp-json\/wp\/v2\/users\/2"}],"replies":[{"embeddable":true,"href":"https:\/\/www.caririemacao.com\/1\/wp-json\/wp\/v2\/comments?post=158396"}],"version-history":[{"count":1,"href":"https:\/\/www.caririemacao.com\/1\/wp-json\/wp\/v2\/posts\/158396\/revisions"}],"predecessor-version":[{"id":158400,"href":"https:\/\/www.caririemacao.com\/1\/wp-json\/wp\/v2\/posts\/158396\/revisions\/158400"}],"wp:featuredmedia":[{"embeddable":true,"href":"https:\/\/www.caririemacao.com\/1\/wp-json\/wp\/v2\/media\/158399"}],"wp:attachment":[{"href":"https:\/\/www.caririemacao.com\/1\/wp-json\/wp\/v2\/media?parent=158396"}],"wp:term":[{"taxonomy":"category","embeddable":true,"href":"https:\/\/www.caririemacao.com\/1\/wp-json\/wp\/v2\/categories?post=158396"},{"taxonomy":"post_tag","embeddable":true,"href":"https:\/\/www.caririemacao.com\/1\/wp-json\/wp\/v2\/tags?post=158396"}],"curies":[{"name":"wp","href":"https:\/\/api.w.org\/{rel}","templated":true}]}}