{"id":158402,"date":"2020-03-17T10:49:17","date_gmt":"2020-03-17T13:49:17","guid":{"rendered":"http:\/\/www.caririemacao.com\/1\/?p=158402"},"modified":"2020-03-17T10:49:19","modified_gmt":"2020-03-17T13:49:19","slug":"paraiba-recebera-98-profissionais-do-mais-medicos-para-enfrentar-coronavirus","status":"publish","type":"post","link":"https:\/\/www.caririemacao.com\/1\/2020\/03\/17\/paraiba-recebera-98-profissionais-do-mais-medicos-para-enfrentar-coronavirus\/","title":{"rendered":"Para\u00edba receber\u00e1 98 profissionais do \u2018Mais M\u00e9dicos\u2019 para enfrentar coronav\u00edrus"},"content":{"rendered":"\n<figure class=\"wp-block-image\"><img decoding=\"async\" data-src=\"http:\/\/www.blogdobrunolira.com.br\/wp-content\/uploads\/2020\/03\/programa-mais-medicos-1523310475895_615x470-615x414.jpg\" alt=\"\" src=\"data:image\/svg+xml;base64,PHN2ZyB3aWR0aD0iMSIgaGVpZ2h0PSIxIiB4bWxucz0iaHR0cDovL3d3dy53My5vcmcvMjAwMC9zdmciPjwvc3ZnPg==\" class=\"lazyload\" style=\"--smush-placeholder-width: 615px; --smush-placeholder-aspect-ratio: 615\/414;\" \/><\/figure>\n\n\n\n<p>A Para\u00edba receber\u00e1 98 profissionais do programa \u2018Mais M\u00e9dicos\u2019 para aux\u00edlio no enfrentamento e preven\u00e7\u00e3o ao novo coronav\u00edrus. As vagas s\u00e3o distribu\u00eddas em 43 munic\u00edpios, conforme edital publicado pelo Minist\u00e9rio da Sa\u00fade. As inscri\u00e7\u00f5es come\u00e7aram nesta segunda-feira (16).<\/p>\n\n\n\n<p>A maior parte das vagas est\u00e1 concentrada em Jo\u00e3o Pessoa, com 33 no total. As novas vagas s\u00e3o apenas para m\u00e9dicos com registro no Conselho Regional de Medicina (CRM). A perspectiva \u00e9 de que os profissionais comecem a trabalhar em abril.<\/p>\n\n\n\n<p>A remunera\u00e7\u00e3o ser\u00e1 de R$ 12 mil e o contrato ter\u00e1 dura\u00e7\u00e3o de 1 ano. Ser\u00e3o 5.811 m\u00e9dicos contratados em todo o pa\u00eds, o que custar\u00e1 cerca de R$ 1,2 bilh\u00f5es aos cofres p\u00fablicos. Valor que deve vir dos R$ 5 bilh\u00f5es que o ministro da Sa\u00fade, Luiz Henrique Mandetta, pediu aos parlamentares por meio da libera\u00e7\u00e3o das emendas de relator do or\u00e7amento deste ano.<\/p>\n\n\n\n<p>Outros cerca de R$ 1 bilh\u00e3o deve ser destinado ao Programa Sa\u00fade na Hora, para custear, entre outras coisas, a amplia\u00e7\u00e3o do hor\u00e1rio de atendimento das unidades b\u00e1sicas de sa\u00fade. Postos receber\u00e3o incentivos para ficar abertos por 12 horas ou 15 horas di\u00e1rias.<\/p>\n\n\n\n<p><strong>MaisPB<\/strong><\/p>\n","protected":false},"excerpt":{"rendered":"<p>A Para\u00edba receber\u00e1 98 profissionais do programa \u2018Mais M\u00e9dicos\u2019 para aux\u00edlio no enfrentamento e preven\u00e7\u00e3o ao novo coronav\u00edrus. As vagas s\u00e3o distribu\u00eddas em 43 munic\u00edpios,&hellip; <\/p>\n","protected":false},"author":2,"featured_media":158403,"comment_status":"closed","ping_status":"closed","sticky":false,"template":"","format":"standard","meta":{"sfsi_plus_gutenberg_text_before_share":"","sfsi_plus_gutenberg_show_text_before_share":"","sfsi_plus_gutenberg_icon_type":"","sfsi_plus_gutenberg_icon_alignemt":"","sfsi_plus_gutenburg_max_per_row":"","footnotes":""},"categories":[2],"tags":[],"class_list":["post-158402","post","type-post","status-publish","format-standard","has-post-thumbnail","hentry","category-geral"],"_links":{"self":[{"href":"https:\/\/www.caririemacao.com\/1\/wp-json\/wp\/v2\/posts\/158402","targetHints":{"allow":["GET"]}}],"collection":[{"href":"https:\/\/www.caririemacao.com\/1\/wp-json\/wp\/v2\/posts"}],"about":[{"href":"https:\/\/www.caririemacao.com\/1\/wp-json\/wp\/v2\/types\/post"}],"author":[{"embeddable":true,"href":"https:\/\/www.caririemacao.com\/1\/wp-json\/wp\/v2\/users\/2"}],"replies":[{"embeddable":true,"href":"https:\/\/www.caririemacao.com\/1\/wp-json\/wp\/v2\/comments?post=158402"}],"version-history":[{"count":1,"href":"https:\/\/www.caririemacao.com\/1\/wp-json\/wp\/v2\/posts\/158402\/revisions"}],"predecessor-version":[{"id":158404,"href":"https:\/\/www.caririemacao.com\/1\/wp-json\/wp\/v2\/posts\/158402\/revisions\/158404"}],"wp:featuredmedia":[{"embeddable":true,"href":"https:\/\/www.caririemacao.com\/1\/wp-json\/wp\/v2\/media\/158403"}],"wp:attachment":[{"href":"https:\/\/www.caririemacao.com\/1\/wp-json\/wp\/v2\/media?parent=158402"}],"wp:term":[{"taxonomy":"category","embeddable":true,"href":"https:\/\/www.caririemacao.com\/1\/wp-json\/wp\/v2\/categories?post=158402"},{"taxonomy":"post_tag","embeddable":true,"href":"https:\/\/www.caririemacao.com\/1\/wp-json\/wp\/v2\/tags?post=158402"}],"curies":[{"name":"wp","href":"https:\/\/api.w.org\/{rel}","templated":true}]}}