{"id":158414,"date":"2020-03-17T10:59:48","date_gmt":"2020-03-17T13:59:48","guid":{"rendered":"http:\/\/www.caririemacao.com\/1\/?p=158414"},"modified":"2020-03-17T10:59:50","modified_gmt":"2020-03-17T13:59:50","slug":"cro-pb-orienta-suspensao-de-atividades-odontologicas-na-paraiba","status":"publish","type":"post","link":"https:\/\/www.caririemacao.com\/1\/2020\/03\/17\/cro-pb-orienta-suspensao-de-atividades-odontologicas-na-paraiba\/","title":{"rendered":"CRO-PB orienta suspens\u00e3o de atividades odontol\u00f3gicas na Para\u00edba"},"content":{"rendered":"\n<p>O Conselho Regional de Odontologia da Para\u00edba (CRO-PB) orienta a suspens\u00e3o da atividade odontol\u00f3gica no Estado.<\/p>\n\n\n\n<p>\u00c9 o que consta na Decis\u00e3o CRO-PB 01\/2020, publicada na tarde desta segunda-feira, 16.<\/p>\n\n\n\n<p>A orienta\u00e7\u00e3o leva em conta a necessidade de preven\u00e7\u00e3o \u00e0 dissemina\u00e7\u00e3o do coronav\u00edrus.<\/p>\n\n\n\n<p>O Conselho ressalva para os profissionais o atendimento em casos de urg\u00eancia e emerg\u00eancia.<\/p>\n\n\n\n<p>Orienta-se tamb\u00e9m a readapta\u00e7\u00e3o tempor\u00e1ria de profissionais cirurgi\u00f5es-dentistas com mais de 60 anos, por se enquadrar como categoria de risco.<\/p>\n\n\n\n<p><strong>Leia a Decis\u00e3o na \u00edntegra:<\/strong><\/p>\n\n\n\n<p>Decis\u00e3o CRO-PB \u2013 01, de 16 de mar\u00e7o de 2020<\/p>\n\n\n\n<p>Estabelece orienta\u00e7\u00f5es relativas \u00e0 suspens\u00e3o da atividade odontol\u00f3gica, em car\u00e1ter excepcional, excetuando-se casos de comprovada urg\u00eancia e emerg\u00eancia.<\/p>\n\n\n\n<p>CONSIDERANDO a necessidade de promover orienta\u00e7\u00f5es preventivas diante da pandemia provocada pelo Coronav\u00edrus SARS-Co V-2;<\/p>\n\n\n\n<p>CONSIDERANDO a necessidade de assegurar aos profissionais da odontologia e sociedade condi\u00e7\u00f5es seguras para o desenvolvimento das atividades odontol\u00f3gicas;<\/p>\n\n\n\n<p>CONSIDERANDO que a atua\u00e7\u00e3o do cirurgi\u00e3o-dentista \u00e9, por sua natureza, a profiss\u00e3o de sa\u00fade mais exposta ao risco de contamina\u00e7\u00e3o, pelo \u00edntimo contato com as vias a\u00e9reas dos pacientes, seja pela proximidade f\u00edsica necess\u00e1ria \u00e0 execu\u00e7\u00e3o de procedimentos, seja pelo uso de equipamentos que liberam aeross\u00f3is;<\/p>\n\n\n\n<p>CONSIDERANDO que a popula\u00e7\u00e3o idosa \u00e9 considerada mais vulner\u00e1vel ao cont\u00e1gio e complica\u00e7\u00f5es decorrentes da contamina\u00e7\u00e3o;<\/p>\n\n\n\n<p>O Presidente do Conselho Regional de Odontologia da Para\u00edba, usando de sua compet\u00eancia e de suas atribui\u00e7\u00f5es legais e regimentais \u201cad referedum\u201d do plen\u00e1rio, DECIDE.<\/p>\n\n\n\n<p>Art. 1\u00b0. Orientar a suspens\u00e3o de todas as atividades odontol\u00f3gicas em servi\u00e7os p\u00fablicos e privados, excetuando-se os casos de comprovada urg\u00eancia e emerg\u00eancia;<\/p>\n\n\n\n<p>Art. 2\u00b0. Orientar a readapta\u00e7\u00e3o tempor\u00e1ria de cirurgi\u00f5es-dentistas acima de 60 anos, afastando-os de atividades cl\u00ednicas, visto ser considerado grupo de risco, cuja mortalidade tem sido comprovadamente mais elevada na popula\u00e7\u00e3o idosa.<\/p>\n\n\n\n<p>Leonardo Marconi Cavalcanti de Oliveira, CD<br>Presidente CRO-PB<\/p>\n","protected":false},"excerpt":{"rendered":"<p>O Conselho Regional de Odontologia da Para\u00edba (CRO-PB) orienta a suspens\u00e3o da atividade odontol\u00f3gica no Estado. \u00c9 o que consta na Decis\u00e3o CRO-PB 01\/2020, publicada&hellip; <\/p>\n","protected":false},"author":2,"featured_media":158415,"comment_status":"closed","ping_status":"closed","sticky":false,"template":"","format":"standard","meta":{"sfsi_plus_gutenberg_text_before_share":"","sfsi_plus_gutenberg_show_text_before_share":"","sfsi_plus_gutenberg_icon_type":"","sfsi_plus_gutenberg_icon_alignemt":"","sfsi_plus_gutenburg_max_per_row":"","footnotes":""},"categories":[2],"tags":[],"class_list":["post-158414","post","type-post","status-publish","format-standard","has-post-thumbnail","hentry","category-geral"],"_links":{"self":[{"href":"https:\/\/www.caririemacao.com\/1\/wp-json\/wp\/v2\/posts\/158414","targetHints":{"allow":["GET"]}}],"collection":[{"href":"https:\/\/www.caririemacao.com\/1\/wp-json\/wp\/v2\/posts"}],"about":[{"href":"https:\/\/www.caririemacao.com\/1\/wp-json\/wp\/v2\/types\/post"}],"author":[{"embeddable":true,"href":"https:\/\/www.caririemacao.com\/1\/wp-json\/wp\/v2\/users\/2"}],"replies":[{"embeddable":true,"href":"https:\/\/www.caririemacao.com\/1\/wp-json\/wp\/v2\/comments?post=158414"}],"version-history":[{"count":1,"href":"https:\/\/www.caririemacao.com\/1\/wp-json\/wp\/v2\/posts\/158414\/revisions"}],"predecessor-version":[{"id":158416,"href":"https:\/\/www.caririemacao.com\/1\/wp-json\/wp\/v2\/posts\/158414\/revisions\/158416"}],"wp:featuredmedia":[{"embeddable":true,"href":"https:\/\/www.caririemacao.com\/1\/wp-json\/wp\/v2\/media\/158415"}],"wp:attachment":[{"href":"https:\/\/www.caririemacao.com\/1\/wp-json\/wp\/v2\/media?parent=158414"}],"wp:term":[{"taxonomy":"category","embeddable":true,"href":"https:\/\/www.caririemacao.com\/1\/wp-json\/wp\/v2\/categories?post=158414"},{"taxonomy":"post_tag","embeddable":true,"href":"https:\/\/www.caririemacao.com\/1\/wp-json\/wp\/v2\/tags?post=158414"}],"curies":[{"name":"wp","href":"https:\/\/api.w.org\/{rel}","templated":true}]}}