{"id":158418,"date":"2020-03-17T11:01:05","date_gmt":"2020-03-17T14:01:05","guid":{"rendered":"http:\/\/www.caririemacao.com\/1\/?p=158418"},"modified":"2020-03-17T11:01:08","modified_gmt":"2020-03-17T14:01:08","slug":"pdt-ingressa-na-justica-para-que-bolsonaro-cumpra-quarentena","status":"publish","type":"post","link":"https:\/\/www.caririemacao.com\/1\/2020\/03\/17\/pdt-ingressa-na-justica-para-que-bolsonaro-cumpra-quarentena\/","title":{"rendered":"PDT ingressa na Justi\u00e7a para que Bolsonaro cumpra quarentena"},"content":{"rendered":"\n<p>&nbsp;Em resposta \u00e0 participa\u00e7\u00e3o de Jair Bolsonaro (sem partido) em ato favor\u00e1vel ao seu governo e contra o Congresso e o STF no domingo (15), o PDT (Partido Democr\u00e1tico Trabalhista) entrou na Justi\u00e7a com pedido de medida cautelar de urg\u00eancia contra o presidente da Rep\u00fablica.<\/p>\n\n\n\n<p>A a\u00e7\u00e3o civil p\u00fablica, protocolada nesta segunda-feira (16) na Se\u00e7\u00e3o Judici\u00e1ria do Distrito Federal, acusa Bolsonaro de colocar a sa\u00fade dos cidad\u00e3os em risco ao desrespeitar recomenda\u00e7\u00f5es do Minist\u00e9rio da Sa\u00fade e da Organiza\u00e7\u00e3o Mundial da Sa\u00fade (OMS) para combate contra o novo coronav\u00edrus.<\/p>\n\n\n\n<p>O partido pede que Bolsonaro seja obrigado a entrar em quarentena e fique proibido de manter contato, incitar ou organizar manifesta\u00e7\u00f5es populares at\u00e9 a volta da normalidade das quest\u00f5es de sa\u00fade p\u00fablica.<\/p>\n\n\n\n<p>\u201c[O presidente] tem dever de zelar pela sa\u00fade p\u00fablica, pela redu\u00e7\u00e3o dos danos da pandemia que j\u00e1 apresenta quadro de epidemia no Brasil. N\u00e3o se trata do cuidado com a sua sa\u00fade individual, mas com a responsabilidade compartilhada de estar inserido em uma comunidade\u201d, afirma o documento.<\/p>\n\n\n\n<p>Apesar de inicialmente ter pedido a seus apoiadores que n\u00e3o fossem aos atos por causa da crise do coronav\u00edrus, o presidente estimulou os protestos com postagens nas redes sociais e ainda participou das manifesta\u00e7\u00f5es em Bras\u00edlia. Sem usar m\u00e1scara, ele tocou manifestantes e manuseou os celulares de alguns para fazer selfies.<\/p>\n\n\n\n<p>At\u00e9 o momento, 13 pessoas que estiveram com Bolsonaro durante viagem a Miami, nos Estados Unidos, est\u00e3o infectadas com o novo coronav\u00edrus.<\/p>\n\n\n\n<p>\u201cN\u00e3o bastasse o tamanho menoscabo e mesquinhez do Excelent\u00edssimo Presidente da Rep\u00fablica, ao ser indagado pela imprensa acerca do risco de apari\u00e7\u00e3o e fomento \u00e0s manifesta\u00e7\u00f5es, o senhor Jair Messias Bolsonaro chamou de \u2018extremismo\u2019 e \u2018histeria\u2019 as medidas adotadas diante da pandemia\u201d, diz a a\u00e7\u00e3o.<\/p>\n\n\n\n<p>Segundo o PDT, o aceite da medida cautelar pelo Judici\u00e1rio n\u00e3o diminuiria ou vilipendiaria os direitos do presidente, j\u00e1 que ele poderia exercer as suas fun\u00e7\u00f5es em resguardo.<\/p>\n\n\n\n<p>\u201cSublinhe-se que a comunica\u00e7\u00e3o do presidente da Rep\u00fablica com os cidad\u00e3os tamb\u00e9m n\u00e3o restar\u00e1 prejudicada, vez que o senhor Jair Messias Bolsonaro \u00e9 adepto do expediente de realiza\u00e7\u00e3o de lives e divulga\u00e7\u00e3o de posicionamentos presidenciais por meio de v\u00eddeos a serem lan\u00e7ados nas redes sociais\u201d, completa.<br><\/p>\n","protected":false},"excerpt":{"rendered":"<p>&nbsp;Em resposta \u00e0 participa\u00e7\u00e3o de Jair Bolsonaro (sem partido) em ato favor\u00e1vel ao seu governo e contra o Congresso e o STF no domingo (15),&hellip; <\/p>\n","protected":false},"author":2,"featured_media":158419,"comment_status":"closed","ping_status":"closed","sticky":false,"template":"","format":"standard","meta":{"sfsi_plus_gutenberg_text_before_share":"","sfsi_plus_gutenberg_show_text_before_share":"","sfsi_plus_gutenberg_icon_type":"","sfsi_plus_gutenberg_icon_alignemt":"","sfsi_plus_gutenburg_max_per_row":"","footnotes":""},"categories":[2],"tags":[],"class_list":["post-158418","post","type-post","status-publish","format-standard","has-post-thumbnail","hentry","category-geral"],"_links":{"self":[{"href":"https:\/\/www.caririemacao.com\/1\/wp-json\/wp\/v2\/posts\/158418","targetHints":{"allow":["GET"]}}],"collection":[{"href":"https:\/\/www.caririemacao.com\/1\/wp-json\/wp\/v2\/posts"}],"about":[{"href":"https:\/\/www.caririemacao.com\/1\/wp-json\/wp\/v2\/types\/post"}],"author":[{"embeddable":true,"href":"https:\/\/www.caririemacao.com\/1\/wp-json\/wp\/v2\/users\/2"}],"replies":[{"embeddable":true,"href":"https:\/\/www.caririemacao.com\/1\/wp-json\/wp\/v2\/comments?post=158418"}],"version-history":[{"count":1,"href":"https:\/\/www.caririemacao.com\/1\/wp-json\/wp\/v2\/posts\/158418\/revisions"}],"predecessor-version":[{"id":158420,"href":"https:\/\/www.caririemacao.com\/1\/wp-json\/wp\/v2\/posts\/158418\/revisions\/158420"}],"wp:featuredmedia":[{"embeddable":true,"href":"https:\/\/www.caririemacao.com\/1\/wp-json\/wp\/v2\/media\/158419"}],"wp:attachment":[{"href":"https:\/\/www.caririemacao.com\/1\/wp-json\/wp\/v2\/media?parent=158418"}],"wp:term":[{"taxonomy":"category","embeddable":true,"href":"https:\/\/www.caririemacao.com\/1\/wp-json\/wp\/v2\/categories?post=158418"},{"taxonomy":"post_tag","embeddable":true,"href":"https:\/\/www.caririemacao.com\/1\/wp-json\/wp\/v2\/tags?post=158418"}],"curies":[{"name":"wp","href":"https:\/\/api.w.org\/{rel}","templated":true}]}}