{"id":158421,"date":"2020-03-17T11:02:22","date_gmt":"2020-03-17T14:02:22","guid":{"rendered":"http:\/\/www.caririemacao.com\/1\/?p=158421"},"modified":"2020-03-17T11:02:26","modified_gmt":"2020-03-17T14:02:26","slug":"inss-reduz-presenca-de-acompanhantes-nas-agencias","status":"publish","type":"post","link":"https:\/\/www.caririemacao.com\/1\/2020\/03\/17\/inss-reduz-presenca-de-acompanhantes-nas-agencias\/","title":{"rendered":"INSS reduz presen\u00e7a de acompanhantes nas ag\u00eancias"},"content":{"rendered":"\n<p>O INSS informou nesta segunda-feira (16) que est\u00e1 limitada a presen\u00e7a de acompanhantes dos segurados durante atendimento nas ag\u00eancias para evitar aglomera\u00e7\u00f5es, devido \u00e0 pandemia do coronav\u00edrus. Segundo o instituto, poder\u00e3o permanecer, apenas, procuradores ou representantes legais devidamente identificados.<\/p>\n\n\n\n<p>O \u00f3rg\u00e3o, seguindo orienta\u00e7\u00f5es do Minist\u00e9rio da Sa\u00fade, reitera que os segurados n\u00e3o precisam ir a uma ag\u00eancia para pedidos de benef\u00edcios.<\/p>\n\n\n\n<p>Basta acessar o Meu INSS por meio do site&nbsp;<a href=\"https:\/\/meu.inss.gov.br\/central\/#\/login?redirectUrl=\/\" target=\"_blank\" rel=\"noreferrer noopener\">meu.inss.gov.br<\/a>&nbsp;ou ligar para a Central 135, de segunda a s\u00e1bado de 7h \u00e0s 22h horas.<\/p>\n\n\n\n<p>\u201cO segurado s\u00f3 deve buscar atendimento presencial se for imprescind\u00edvel, como, por exemplo, em caso de per\u00edcia m\u00e9dica\u201d, ressalta a nota do INSS.<\/p>\n\n\n\n<p>Nas situa\u00e7\u00f5es em que for necess\u00e1rio comparecer a uma ag\u00eancia, os segurados devem seguir as regras de higiene e manter sempre as m\u00e3os lavadas, com uso posterior do \u00e1lcool em gel.<\/p>\n\n\n\n<p>De acordo com o INSS, as prestadoras de servi\u00e7os de limpeza e conserva\u00e7\u00e3o est\u00e3o dando especial aten\u00e7\u00e3o \u00e0 limpeza de banheiros, elevadores, corrim\u00e3os, ma\u00e7anetas, \u00e1reas de atendimento e salas de per\u00edcia. Al\u00e9m disso, garante a disponibilidade de sabonetes nos banheiros para a higieniza\u00e7\u00e3o das m\u00e3os.<\/p>\n\n\n\n<p>Outra iniciativa, para diminuir o fluxo de segurados que buscam as ag\u00eancias do INSS \u00e9 restringir, a partir desta segunda-feira, o atendimento espont\u00e2neo at\u00e9 \u00e0s 13h. Ap\u00f3s esse hor\u00e1rio, s\u00f3 ser\u00e3o feitos atendimentos programados e, caso n\u00e3o tenha agendamento ap\u00f3s esse hor\u00e1rio, a ag\u00eancia dever\u00e1 ser fechada.<\/p>\n\n\n\n<p><strong>SERVIDORES<\/strong><\/p>\n\n\n\n<p>O INSS afirma ainda que foi determinado, nesta segunda-feira, que todos os servidores e empregados acima de 60 anos, portadores de doen\u00e7as cr\u00f4nicas, gestantes e lactantes ou aqueles cujos familiares que habitam na mesma resid\u00eancia estejam no grupo de risco de aumento de mortalidade sejam deslocados do atendimento ao p\u00fablico para exercerem suas atividades de forma remota.<\/p>\n\n\n\n<p>O INSS informa ainda que poder\u00e1 adotar, a qualquer momento, novas medidas de preven\u00e7\u00e3o sob orienta\u00e7\u00e3o do Minist\u00e9rio da Sa\u00fade.<\/p>\n","protected":false},"excerpt":{"rendered":"<p>O INSS informou nesta segunda-feira (16) que est\u00e1 limitada a presen\u00e7a de acompanhantes dos segurados durante atendimento nas ag\u00eancias para evitar aglomera\u00e7\u00f5es, devido \u00e0 pandemia&hellip; <\/p>\n","protected":false},"author":2,"featured_media":158422,"comment_status":"closed","ping_status":"closed","sticky":false,"template":"","format":"standard","meta":{"sfsi_plus_gutenberg_text_before_share":"","sfsi_plus_gutenberg_show_text_before_share":"","sfsi_plus_gutenberg_icon_type":"","sfsi_plus_gutenberg_icon_alignemt":"","sfsi_plus_gutenburg_max_per_row":"","footnotes":""},"categories":[2],"tags":[],"class_list":["post-158421","post","type-post","status-publish","format-standard","has-post-thumbnail","hentry","category-geral"],"_links":{"self":[{"href":"https:\/\/www.caririemacao.com\/1\/wp-json\/wp\/v2\/posts\/158421","targetHints":{"allow":["GET"]}}],"collection":[{"href":"https:\/\/www.caririemacao.com\/1\/wp-json\/wp\/v2\/posts"}],"about":[{"href":"https:\/\/www.caririemacao.com\/1\/wp-json\/wp\/v2\/types\/post"}],"author":[{"embeddable":true,"href":"https:\/\/www.caririemacao.com\/1\/wp-json\/wp\/v2\/users\/2"}],"replies":[{"embeddable":true,"href":"https:\/\/www.caririemacao.com\/1\/wp-json\/wp\/v2\/comments?post=158421"}],"version-history":[{"count":1,"href":"https:\/\/www.caririemacao.com\/1\/wp-json\/wp\/v2\/posts\/158421\/revisions"}],"predecessor-version":[{"id":158423,"href":"https:\/\/www.caririemacao.com\/1\/wp-json\/wp\/v2\/posts\/158421\/revisions\/158423"}],"wp:featuredmedia":[{"embeddable":true,"href":"https:\/\/www.caririemacao.com\/1\/wp-json\/wp\/v2\/media\/158422"}],"wp:attachment":[{"href":"https:\/\/www.caririemacao.com\/1\/wp-json\/wp\/v2\/media?parent=158421"}],"wp:term":[{"taxonomy":"category","embeddable":true,"href":"https:\/\/www.caririemacao.com\/1\/wp-json\/wp\/v2\/categories?post=158421"},{"taxonomy":"post_tag","embeddable":true,"href":"https:\/\/www.caririemacao.com\/1\/wp-json\/wp\/v2\/tags?post=158421"}],"curies":[{"name":"wp","href":"https:\/\/api.w.org\/{rel}","templated":true}]}}