{"id":158431,"date":"2020-03-17T11:08:34","date_gmt":"2020-03-17T14:08:34","guid":{"rendered":"http:\/\/www.caririemacao.com\/1\/?p=158431"},"modified":"2020-03-17T11:08:36","modified_gmt":"2020-03-17T14:08:36","slug":"sociedade-paraibana-de-pediatria-recomenda-fechamento-imediato-de-escolas-e-creches-publicas-e-privadas","status":"publish","type":"post","link":"https:\/\/www.caririemacao.com\/1\/2020\/03\/17\/sociedade-paraibana-de-pediatria-recomenda-fechamento-imediato-de-escolas-e-creches-publicas-e-privadas\/","title":{"rendered":"Sociedade Paraibana de Pediatria recomenda fechamento imediato de escolas e creches p\u00fablicas e privadas"},"content":{"rendered":"\n<p>A Sociedade Paraibana de Pediatria recomendou nesta segunda-feira (16), o fechamento imediato das escolas e creches p\u00fablicas e privadas do Estado. De acordo com o comunicado, a recomenda\u00e7\u00e3o tem como objetivo frear o aumento significativo dos casos de coronav\u00edrus no pa\u00eds.&nbsp;<\/p>\n\n\n\n<p>A Para\u00edba n\u00e3o apresenta nenhum caso confirmado do Covid-19, por\u00e9m a recomenda\u00e7\u00e3o afirma que o isolamento social \u00e9 uma maneira de proteger crian\u00e7as e seus&nbsp;familiares do risco de cont\u00e1gio.&nbsp;<\/p>\n\n\n\n<p>Ainda de acordo com a recomenda\u00e7\u00e3o, a suspens\u00e3o deve acontecer por tempo suficiente para que a &#8220;batalha&#8221; contra o v\u00edrus seja vencida.&nbsp;<\/p>\n\n\n\n<figure class=\"wp-block-image\"><img decoding=\"async\" data-src=\"https:\/\/www.clickpb.com.br\/media\/filer_public\/1d\/6f\/1d6f62c2-d3b8-4aa2-9d17-ede6e2327784\/20200317_064854.jpg\" alt=\"\" src=\"data:image\/svg+xml;base64,PHN2ZyB3aWR0aD0iMSIgaGVpZ2h0PSIxIiB4bWxucz0iaHR0cDovL3d3dy53My5vcmcvMjAwMC9zdmciPjwvc3ZnPg==\" class=\"lazyload\" \/><\/figure>\n","protected":false},"excerpt":{"rendered":"<p>A Sociedade Paraibana de Pediatria recomendou nesta segunda-feira (16), o fechamento imediato das escolas e creches p\u00fablicas e privadas do Estado. De acordo com o&hellip; <\/p>\n","protected":false},"author":2,"featured_media":157640,"comment_status":"closed","ping_status":"closed","sticky":false,"template":"","format":"standard","meta":{"sfsi_plus_gutenberg_text_before_share":"","sfsi_plus_gutenberg_show_text_before_share":"","sfsi_plus_gutenberg_icon_type":"","sfsi_plus_gutenberg_icon_alignemt":"","sfsi_plus_gutenburg_max_per_row":"","footnotes":""},"categories":[2],"tags":[],"class_list":["post-158431","post","type-post","status-publish","format-standard","has-post-thumbnail","hentry","category-geral"],"_links":{"self":[{"href":"https:\/\/www.caririemacao.com\/1\/wp-json\/wp\/v2\/posts\/158431","targetHints":{"allow":["GET"]}}],"collection":[{"href":"https:\/\/www.caririemacao.com\/1\/wp-json\/wp\/v2\/posts"}],"about":[{"href":"https:\/\/www.caririemacao.com\/1\/wp-json\/wp\/v2\/types\/post"}],"author":[{"embeddable":true,"href":"https:\/\/www.caririemacao.com\/1\/wp-json\/wp\/v2\/users\/2"}],"replies":[{"embeddable":true,"href":"https:\/\/www.caririemacao.com\/1\/wp-json\/wp\/v2\/comments?post=158431"}],"version-history":[{"count":1,"href":"https:\/\/www.caririemacao.com\/1\/wp-json\/wp\/v2\/posts\/158431\/revisions"}],"predecessor-version":[{"id":158432,"href":"https:\/\/www.caririemacao.com\/1\/wp-json\/wp\/v2\/posts\/158431\/revisions\/158432"}],"wp:featuredmedia":[{"embeddable":true,"href":"https:\/\/www.caririemacao.com\/1\/wp-json\/wp\/v2\/media\/157640"}],"wp:attachment":[{"href":"https:\/\/www.caririemacao.com\/1\/wp-json\/wp\/v2\/media?parent=158431"}],"wp:term":[{"taxonomy":"category","embeddable":true,"href":"https:\/\/www.caririemacao.com\/1\/wp-json\/wp\/v2\/categories?post=158431"},{"taxonomy":"post_tag","embeddable":true,"href":"https:\/\/www.caririemacao.com\/1\/wp-json\/wp\/v2\/tags?post=158431"}],"curies":[{"name":"wp","href":"https:\/\/api.w.org\/{rel}","templated":true}]}}