{"id":158437,"date":"2020-03-17T12:01:56","date_gmt":"2020-03-17T15:01:56","guid":{"rendered":"http:\/\/www.caririemacao.com\/1\/?p=158437"},"modified":"2020-03-17T12:02:21","modified_gmt":"2020-03-17T15:02:21","slug":"justica-federal-da-paraiba-suspende-audiencias-e-adota-medidas-preventivas-contra-o-coronavirus","status":"publish","type":"post","link":"https:\/\/www.caririemacao.com\/1\/2020\/03\/17\/justica-federal-da-paraiba-suspende-audiencias-e-adota-medidas-preventivas-contra-o-coronavirus\/","title":{"rendered":"Justi\u00e7a Federal da Para\u00edba suspende audi\u00eancias e adota medidas preventivas contra o coronav\u00edrus"},"content":{"rendered":"\n<p>A Justi\u00e7a Federal na Para\u00edba (JFPB) suspendeu, em todo o estado, todas as audi\u00eancias e per\u00edcias agendadas no \u00f3rg\u00e3o para o per\u00edodo que come\u00e7a nesta ter\u00e7a-feira (17) e se estende at\u00e9 o dia 30\/04, com possibilidade de prorroga\u00e7\u00e3o. O motivo \u00e9 o crescimento do n\u00famero de casos relacionados ao novo coronav\u00edrus no Brasil e a relev\u00e2ncia da ado\u00e7\u00e3o de medidas preventivas. A exce\u00e7\u00e3o fica para as audi\u00eancias de cust\u00f3dia, processos de r\u00e9us presos e outras consideradas como urgentes. O expediente administrativo tamb\u00e9m ser\u00e1 alterado e priorizar\u00e1 o regime de teletrabalho, sendo os casos excepcionas devidamente avaliados.<\/p>\n\n\n\n<p>As remarca\u00e7\u00f5es das audi\u00eancias e per\u00edcias levar\u00e3o em considera\u00e7\u00e3o a disponibilidade de pauta e os recolhimentos dos mandados de intima\u00e7\u00e3o j\u00e1 expedidos. O acesso do p\u00fablico externo aos restaurantes, lanchonetes, bibliotecas, audit\u00f3rios e demais espa\u00e7os p\u00fablicos da Se\u00e7\u00e3o Judici\u00e1ria da Para\u00edba tamb\u00e9m est\u00e1 suspenso, assim como o pagamento de requisit\u00f3rios nas ag\u00eancias da Caixa, situadas no interior dos f\u00f3runs da JFPB. A institui\u00e7\u00e3o banc\u00e1ria poder\u00e1 descentralizar o pagamento para outras ag\u00eancias, ficando o atendimento restrito aos correntistas, preferencialmente magistrados, servidores e colaboradores da Se\u00e7\u00e3o Judici\u00e1ria paraibana.<ins><\/ins><\/p>\n\n\n\n<p>Os oficiais de justi\u00e7a dar\u00e3o baixa dos expedientes cumpridos por meio remoto, devendo comparecer \u00e0 Central de Mandados (Ceman) apenas para a distribui\u00e7\u00e3o regular dos expedientes (\u00e0s segundas-feiras) e casos urgentes. Os atendimentos \u00e0s partes, advogados, procuradores e demais interessados ser\u00e1 realizado, preferencialmente, atrav\u00e9s de telefone ou e-mail, das 08:00 \u00e0s 18:00, nos dias \u00fateis, com exce\u00e7\u00e3o dos casos excepcionais. Os contatos ser\u00e3o divulgados posteriormente<\/p>\n","protected":false},"excerpt":{"rendered":"<p>A Justi\u00e7a Federal na Para\u00edba (JFPB) suspendeu, em todo o estado, todas as audi\u00eancias e per\u00edcias agendadas no \u00f3rg\u00e3o para o per\u00edodo que come\u00e7a nesta&hellip; <\/p>\n","protected":false},"author":1,"featured_media":83921,"comment_status":"closed","ping_status":"closed","sticky":false,"template":"","format":"standard","meta":{"sfsi_plus_gutenberg_text_before_share":"","sfsi_plus_gutenberg_show_text_before_share":"","sfsi_plus_gutenberg_icon_type":"","sfsi_plus_gutenberg_icon_alignemt":"","sfsi_plus_gutenburg_max_per_row":"","footnotes":""},"categories":[50,1],"tags":[],"class_list":["post-158437","post","type-post","status-publish","format-standard","has-post-thumbnail","hentry","category-destaque","category-o-site"],"_links":{"self":[{"href":"https:\/\/www.caririemacao.com\/1\/wp-json\/wp\/v2\/posts\/158437","targetHints":{"allow":["GET"]}}],"collection":[{"href":"https:\/\/www.caririemacao.com\/1\/wp-json\/wp\/v2\/posts"}],"about":[{"href":"https:\/\/www.caririemacao.com\/1\/wp-json\/wp\/v2\/types\/post"}],"author":[{"embeddable":true,"href":"https:\/\/www.caririemacao.com\/1\/wp-json\/wp\/v2\/users\/1"}],"replies":[{"embeddable":true,"href":"https:\/\/www.caririemacao.com\/1\/wp-json\/wp\/v2\/comments?post=158437"}],"version-history":[{"count":1,"href":"https:\/\/www.caririemacao.com\/1\/wp-json\/wp\/v2\/posts\/158437\/revisions"}],"predecessor-version":[{"id":158438,"href":"https:\/\/www.caririemacao.com\/1\/wp-json\/wp\/v2\/posts\/158437\/revisions\/158438"}],"wp:featuredmedia":[{"embeddable":true,"href":"https:\/\/www.caririemacao.com\/1\/wp-json\/wp\/v2\/media\/83921"}],"wp:attachment":[{"href":"https:\/\/www.caririemacao.com\/1\/wp-json\/wp\/v2\/media?parent=158437"}],"wp:term":[{"taxonomy":"category","embeddable":true,"href":"https:\/\/www.caririemacao.com\/1\/wp-json\/wp\/v2\/categories?post=158437"},{"taxonomy":"post_tag","embeddable":true,"href":"https:\/\/www.caririemacao.com\/1\/wp-json\/wp\/v2\/tags?post=158437"}],"curies":[{"name":"wp","href":"https:\/\/api.w.org\/{rel}","templated":true}]}}