{"id":158439,"date":"2020-03-17T12:56:26","date_gmt":"2020-03-17T15:56:26","guid":{"rendered":"http:\/\/www.caririemacao.com\/1\/?p=158439"},"modified":"2020-03-17T12:56:28","modified_gmt":"2020-03-17T15:56:28","slug":"joao-azevedo-suspende-aulas-e-antecipa-ferias-do-meio-de-ano","status":"publish","type":"post","link":"https:\/\/www.caririemacao.com\/1\/2020\/03\/17\/joao-azevedo-suspende-aulas-e-antecipa-ferias-do-meio-de-ano\/","title":{"rendered":"Jo\u00e3o Azevedo suspende aulas e antecipa f\u00e9rias do meio de ano"},"content":{"rendered":"\n<p>A pandemia do coronav\u00edrus obrigou o governador Jo\u00e3o Azev\u00eado a suspender as aulas da rede estadual e privada da Para\u00edba, tamb\u00e9m a mexer na grade das atividades escolares paraibanas.<\/p>\n\n\n\n<p>A partir desta quinta-feira (19), as aulas ser\u00e3o suspensas e a data de retorno as atividades est\u00e1 prevista para o dia 18 de abril. O anuncio foi feito durante entrevista coletiva de imprensa, no Espa\u00e7o Cultural.<\/p>\n\n\n\n<p>Azevedo afirmou que \u201cesse processo passa, acima de tudo, pela conscientiza\u00e7\u00e3o da popula\u00e7\u00e3o\u201d. O governador avalia que \u201cficar em casa \u00e9 a melhor solu\u00e7\u00e3o\u201d.<\/p>\n","protected":false},"excerpt":{"rendered":"<p>A pandemia do coronav\u00edrus obrigou o governador Jo\u00e3o Azev\u00eado a suspender as aulas da rede estadual e privada da Para\u00edba, tamb\u00e9m a mexer na grade&hellip; <\/p>\n","protected":false},"author":1,"featured_media":156845,"comment_status":"closed","ping_status":"closed","sticky":false,"template":"","format":"standard","meta":{"sfsi_plus_gutenberg_text_before_share":"","sfsi_plus_gutenberg_show_text_before_share":"","sfsi_plus_gutenberg_icon_type":"","sfsi_plus_gutenberg_icon_alignemt":"","sfsi_plus_gutenburg_max_per_row":"","footnotes":""},"categories":[6,50],"tags":[],"class_list":["post-158439","post","type-post","status-publish","format-standard","has-post-thumbnail","hentry","category-cidades","category-destaque"],"_links":{"self":[{"href":"https:\/\/www.caririemacao.com\/1\/wp-json\/wp\/v2\/posts\/158439","targetHints":{"allow":["GET"]}}],"collection":[{"href":"https:\/\/www.caririemacao.com\/1\/wp-json\/wp\/v2\/posts"}],"about":[{"href":"https:\/\/www.caririemacao.com\/1\/wp-json\/wp\/v2\/types\/post"}],"author":[{"embeddable":true,"href":"https:\/\/www.caririemacao.com\/1\/wp-json\/wp\/v2\/users\/1"}],"replies":[{"embeddable":true,"href":"https:\/\/www.caririemacao.com\/1\/wp-json\/wp\/v2\/comments?post=158439"}],"version-history":[{"count":1,"href":"https:\/\/www.caririemacao.com\/1\/wp-json\/wp\/v2\/posts\/158439\/revisions"}],"predecessor-version":[{"id":158440,"href":"https:\/\/www.caririemacao.com\/1\/wp-json\/wp\/v2\/posts\/158439\/revisions\/158440"}],"wp:featuredmedia":[{"embeddable":true,"href":"https:\/\/www.caririemacao.com\/1\/wp-json\/wp\/v2\/media\/156845"}],"wp:attachment":[{"href":"https:\/\/www.caririemacao.com\/1\/wp-json\/wp\/v2\/media?parent=158439"}],"wp:term":[{"taxonomy":"category","embeddable":true,"href":"https:\/\/www.caririemacao.com\/1\/wp-json\/wp\/v2\/categories?post=158439"},{"taxonomy":"post_tag","embeddable":true,"href":"https:\/\/www.caririemacao.com\/1\/wp-json\/wp\/v2\/tags?post=158439"}],"curies":[{"name":"wp","href":"https:\/\/api.w.org\/{rel}","templated":true}]}}