{"id":158443,"date":"2020-03-17T13:14:03","date_gmt":"2020-03-17T16:14:03","guid":{"rendered":"http:\/\/www.caririemacao.com\/1\/?p=158443"},"modified":"2020-03-17T13:14:04","modified_gmt":"2020-03-17T16:14:04","slug":"sao-paulo-confirma-primeira-morte-por-coronavirus-no-pais","status":"publish","type":"post","link":"https:\/\/www.caririemacao.com\/1\/2020\/03\/17\/sao-paulo-confirma-primeira-morte-por-coronavirus-no-pais\/","title":{"rendered":"S\u00e3o Paulo confirma primeira morte por Coronav\u00edrus no pa\u00eds"},"content":{"rendered":"\n<p>O estado de S\u00e3o Paulo confirmou, nesta ter\u00e7a-feira (17), a primeira morte por coronav\u00edrus no pa\u00eds.<\/p>\n\n\n\n<p>SP tem o maior n\u00famero de casos de covid-19 (doen\u00e7a causada pelo novo coronav\u00edrus SARS-CoV2) do Brasil. At\u00e9 ontem, eram 152 casos \u2014 em todo o pa\u00eds s\u00e3o 232.<ins><\/ins><\/p>\n\n\n\n<p>O secret\u00e1rio estadual da Sa\u00fade,&nbsp;Jos\u00e9 Henrique Germann, e o Coordenador do Centro de Conting\u00eancia do Coronav\u00edrus de S\u00e3o Paulo, David Uip, ir\u00e3o dar mais informa\u00e7\u00f5es sobre o caso em uma entrevista coletiva \u00e0s 13h de hoje.<\/p>\n\n\n\n<p>R7<\/p>\n","protected":false},"excerpt":{"rendered":"<p>O estado de S\u00e3o Paulo confirmou, nesta ter\u00e7a-feira (17), a primeira morte por coronav\u00edrus no pa\u00eds. SP tem o maior n\u00famero de casos de covid-19&hellip; <\/p>\n","protected":false},"author":1,"featured_media":157876,"comment_status":"closed","ping_status":"closed","sticky":false,"template":"","format":"standard","meta":{"sfsi_plus_gutenberg_text_before_share":"","sfsi_plus_gutenberg_show_text_before_share":"","sfsi_plus_gutenberg_icon_type":"","sfsi_plus_gutenberg_icon_alignemt":"","sfsi_plus_gutenburg_max_per_row":"","footnotes":""},"categories":[6,50],"tags":[],"class_list":["post-158443","post","type-post","status-publish","format-standard","has-post-thumbnail","hentry","category-cidades","category-destaque"],"_links":{"self":[{"href":"https:\/\/www.caririemacao.com\/1\/wp-json\/wp\/v2\/posts\/158443","targetHints":{"allow":["GET"]}}],"collection":[{"href":"https:\/\/www.caririemacao.com\/1\/wp-json\/wp\/v2\/posts"}],"about":[{"href":"https:\/\/www.caririemacao.com\/1\/wp-json\/wp\/v2\/types\/post"}],"author":[{"embeddable":true,"href":"https:\/\/www.caririemacao.com\/1\/wp-json\/wp\/v2\/users\/1"}],"replies":[{"embeddable":true,"href":"https:\/\/www.caririemacao.com\/1\/wp-json\/wp\/v2\/comments?post=158443"}],"version-history":[{"count":1,"href":"https:\/\/www.caririemacao.com\/1\/wp-json\/wp\/v2\/posts\/158443\/revisions"}],"predecessor-version":[{"id":158444,"href":"https:\/\/www.caririemacao.com\/1\/wp-json\/wp\/v2\/posts\/158443\/revisions\/158444"}],"wp:featuredmedia":[{"embeddable":true,"href":"https:\/\/www.caririemacao.com\/1\/wp-json\/wp\/v2\/media\/157876"}],"wp:attachment":[{"href":"https:\/\/www.caririemacao.com\/1\/wp-json\/wp\/v2\/media?parent=158443"}],"wp:term":[{"taxonomy":"category","embeddable":true,"href":"https:\/\/www.caririemacao.com\/1\/wp-json\/wp\/v2\/categories?post=158443"},{"taxonomy":"post_tag","embeddable":true,"href":"https:\/\/www.caririemacao.com\/1\/wp-json\/wp\/v2\/tags?post=158443"}],"curies":[{"name":"wp","href":"https:\/\/api.w.org\/{rel}","templated":true}]}}