{"id":158445,"date":"2020-03-17T14:23:31","date_gmt":"2020-03-17T17:23:31","guid":{"rendered":"http:\/\/www.caririemacao.com\/1\/?p=158445"},"modified":"2020-03-17T14:23:33","modified_gmt":"2020-03-17T17:23:33","slug":"segunda-morte-por-coronavirus-no-brasil-ainda-e-caso-em-analise","status":"publish","type":"post","link":"https:\/\/www.caririemacao.com\/1\/2020\/03\/17\/segunda-morte-por-coronavirus-no-brasil-ainda-e-caso-em-analise\/","title":{"rendered":"Segunda morte por coronav\u00edrus no Brasil ainda \u00e9 caso em an\u00e1lise"},"content":{"rendered":"\n<p>O Brasil registrou nesta ter\u00e7a-feira (17) a segunda morte pelo novo coronav\u00edrus. A v\u00edtima \u00e9 uma mulher de 76 anos de idade, segundo revelou a R\u00e1dio Bandeirantes.&nbsp;<\/p>\n\n\n\n<p><em>[ Atualiza\u00e7\u00e3o 13h31:&nbsp;De acordo com a UOL, o caso est\u00e1 em an\u00e1lise e ainda n\u00e3o foi confirmado. ]<\/em><br><\/p>\n\n\n\n<p>Ainda n\u00e3o h\u00e1 informa\u00e7\u00f5es sobre a forma de cont\u00e1gio, mas, de acordo com a reportagem, o hospital particular n\u00e3o notificou a Secretaria de Sa\u00fade do estado.<br><\/p>\n\n\n\n<p><a href=\"https:\/\/www.clickpb.com.br\/brasil\/estado-de-sp-tem-o-primeiro-caso-de-morte-provocada-pelo-coronavirus-280131.html\">Um homem de 62 anos, morador de S\u00e3o Paulo, tamb\u00e9m teve a morte confirmada nesta ter\u00e7a<\/a>. Segundo informa\u00e7\u00f5es da TV Globo, a v\u00edtima tinha diabetes, hipertens\u00e3o e um problema na pr\u00f3stata. O homem estava hospitalizado, mas o seu quadro de sa\u00fade se agravou por causa do coronav\u00edrus.<\/p>\n\n\n\n<p>O estado de S\u00e3o Paulo concentra o maior n\u00famero de casos confirmados da doen\u00e7a: 152. Em todo pa\u00eds, segundo o Minist\u00e9rio da Sa\u00fade, s\u00e3o 234 casos confirmados.<\/p>\n\n\n\n<p>Segundo informa\u00e7\u00f5es da Secretaria Estadual da Sa\u00fade de SP, s\u00e3o 1.777 casos suspeitos de coronav\u00edrus no estado. O Governo de S\u00e3o Paulo avalia que o surto de coronav\u00edrus deve durar &#8220;de quatro a cinco meses&#8221;.<\/p>\n","protected":false},"excerpt":{"rendered":"<p>O Brasil registrou nesta ter\u00e7a-feira (17) a segunda morte pelo novo coronav\u00edrus. A v\u00edtima \u00e9 uma mulher de 76 anos de idade, segundo revelou a&hellip; <\/p>\n","protected":false},"author":2,"featured_media":158446,"comment_status":"closed","ping_status":"closed","sticky":false,"template":"","format":"standard","meta":{"sfsi_plus_gutenberg_text_before_share":"","sfsi_plus_gutenberg_show_text_before_share":"","sfsi_plus_gutenberg_icon_type":"","sfsi_plus_gutenberg_icon_alignemt":"","sfsi_plus_gutenburg_max_per_row":"","footnotes":""},"categories":[2],"tags":[],"class_list":["post-158445","post","type-post","status-publish","format-standard","has-post-thumbnail","hentry","category-geral"],"_links":{"self":[{"href":"https:\/\/www.caririemacao.com\/1\/wp-json\/wp\/v2\/posts\/158445","targetHints":{"allow":["GET"]}}],"collection":[{"href":"https:\/\/www.caririemacao.com\/1\/wp-json\/wp\/v2\/posts"}],"about":[{"href":"https:\/\/www.caririemacao.com\/1\/wp-json\/wp\/v2\/types\/post"}],"author":[{"embeddable":true,"href":"https:\/\/www.caririemacao.com\/1\/wp-json\/wp\/v2\/users\/2"}],"replies":[{"embeddable":true,"href":"https:\/\/www.caririemacao.com\/1\/wp-json\/wp\/v2\/comments?post=158445"}],"version-history":[{"count":1,"href":"https:\/\/www.caririemacao.com\/1\/wp-json\/wp\/v2\/posts\/158445\/revisions"}],"predecessor-version":[{"id":158447,"href":"https:\/\/www.caririemacao.com\/1\/wp-json\/wp\/v2\/posts\/158445\/revisions\/158447"}],"wp:featuredmedia":[{"embeddable":true,"href":"https:\/\/www.caririemacao.com\/1\/wp-json\/wp\/v2\/media\/158446"}],"wp:attachment":[{"href":"https:\/\/www.caririemacao.com\/1\/wp-json\/wp\/v2\/media?parent=158445"}],"wp:term":[{"taxonomy":"category","embeddable":true,"href":"https:\/\/www.caririemacao.com\/1\/wp-json\/wp\/v2\/categories?post=158445"},{"taxonomy":"post_tag","embeddable":true,"href":"https:\/\/www.caririemacao.com\/1\/wp-json\/wp\/v2\/tags?post=158445"}],"curies":[{"name":"wp","href":"https:\/\/api.w.org\/{rel}","templated":true}]}}