{"id":158459,"date":"2020-03-17T14:34:44","date_gmt":"2020-03-17T17:34:44","guid":{"rendered":"http:\/\/www.caririemacao.com\/1\/?p=158459"},"modified":"2020-03-17T14:34:46","modified_gmt":"2020-03-17T17:34:46","slug":"principe-harry-e-meghan-markle-estao-em-quarentena-por-causa-de-coronavirus","status":"publish","type":"post","link":"https:\/\/www.caririemacao.com\/1\/2020\/03\/17\/principe-harry-e-meghan-markle-estao-em-quarentena-por-causa-de-coronavirus\/","title":{"rendered":"Pr\u00edncipe Harry e Meghan Markle est\u00e3o em quarentena por causa de coronav\u00edrus"},"content":{"rendered":"\n<p>Pr\u00edncipe Harry e a esposa Meghan Markle estariam isolados em sua mans\u00e3o no Canad\u00e1 por precau\u00e7\u00e3o contra o coronav\u00edrus. As informa\u00e7\u00f5es s\u00e3o do jornal New York Post.<\/p>\n\n\n\n<p>Logo ap\u00f3s os \u00faltimos eventos como membros da fam\u00edlia real brit\u00e2nica, o casal voltou ao Canad\u00e1 em voos separados e cancelaram compromissos. Eles est\u00e3o com o filho Archie na mans\u00e3o, avaliada em US$ 14 milh\u00f5es.<\/p>\n\n\n\n<p>O casal teria ficado preocupado ap\u00f3s a primeira-dama do Canad\u00e1, Sophie Trudeau, ser confirmada com o Covid-19. Sophie fez uma viagem para Londres. Meghan e Harry s\u00e3o amigos pr\u00f3ximos da esposa do primeiro-ministro Justin Trudeau.<\/p>\n","protected":false},"excerpt":{"rendered":"<p>Pr\u00edncipe Harry e a esposa Meghan Markle estariam isolados em sua mans\u00e3o no Canad\u00e1 por precau\u00e7\u00e3o contra o coronav\u00edrus. As informa\u00e7\u00f5es s\u00e3o do jornal New&hellip; <\/p>\n","protected":false},"author":2,"featured_media":158460,"comment_status":"closed","ping_status":"closed","sticky":false,"template":"","format":"standard","meta":{"sfsi_plus_gutenberg_text_before_share":"","sfsi_plus_gutenberg_show_text_before_share":"","sfsi_plus_gutenberg_icon_type":"","sfsi_plus_gutenberg_icon_alignemt":"","sfsi_plus_gutenburg_max_per_row":"","footnotes":""},"categories":[2],"tags":[],"class_list":["post-158459","post","type-post","status-publish","format-standard","has-post-thumbnail","hentry","category-geral"],"_links":{"self":[{"href":"https:\/\/www.caririemacao.com\/1\/wp-json\/wp\/v2\/posts\/158459","targetHints":{"allow":["GET"]}}],"collection":[{"href":"https:\/\/www.caririemacao.com\/1\/wp-json\/wp\/v2\/posts"}],"about":[{"href":"https:\/\/www.caririemacao.com\/1\/wp-json\/wp\/v2\/types\/post"}],"author":[{"embeddable":true,"href":"https:\/\/www.caririemacao.com\/1\/wp-json\/wp\/v2\/users\/2"}],"replies":[{"embeddable":true,"href":"https:\/\/www.caririemacao.com\/1\/wp-json\/wp\/v2\/comments?post=158459"}],"version-history":[{"count":1,"href":"https:\/\/www.caririemacao.com\/1\/wp-json\/wp\/v2\/posts\/158459\/revisions"}],"predecessor-version":[{"id":158461,"href":"https:\/\/www.caririemacao.com\/1\/wp-json\/wp\/v2\/posts\/158459\/revisions\/158461"}],"wp:featuredmedia":[{"embeddable":true,"href":"https:\/\/www.caririemacao.com\/1\/wp-json\/wp\/v2\/media\/158460"}],"wp:attachment":[{"href":"https:\/\/www.caririemacao.com\/1\/wp-json\/wp\/v2\/media?parent=158459"}],"wp:term":[{"taxonomy":"category","embeddable":true,"href":"https:\/\/www.caririemacao.com\/1\/wp-json\/wp\/v2\/categories?post=158459"},{"taxonomy":"post_tag","embeddable":true,"href":"https:\/\/www.caririemacao.com\/1\/wp-json\/wp\/v2\/tags?post=158459"}],"curies":[{"name":"wp","href":"https:\/\/api.w.org\/{rel}","templated":true}]}}