{"id":158469,"date":"2020-03-17T14:43:47","date_gmt":"2020-03-17T17:43:47","guid":{"rendered":"http:\/\/www.caririemacao.com\/1\/?p=158469"},"modified":"2020-03-17T14:43:48","modified_gmt":"2020-03-17T17:43:48","slug":"congresso-cancela-sessao-que-votaria-vetos-e-orcamento-impositivo","status":"publish","type":"post","link":"https:\/\/www.caririemacao.com\/1\/2020\/03\/17\/congresso-cancela-sessao-que-votaria-vetos-e-orcamento-impositivo\/","title":{"rendered":"Congresso cancela sess\u00e3o que votaria vetos e Or\u00e7amento Impositivo"},"content":{"rendered":"\n<p>vetos presidenciais e votar os projetos de lei do Congresso Nacional que regulamentam o Or\u00e7amento Impositivo foi cancelada. A medida se deu em fun\u00e7\u00e3o da aus\u00eancia de parlamentares e da preocupa\u00e7\u00e3o com a possibilidade de propaga\u00e7\u00e3o do novo coronav\u00edrus (Covid-19) na Casa. O senador Nelsinho Trad (PSD-MS) e o deputado Cezinha da Madureira (PSD-SP) j\u00e1 foram testados positivo para o v\u00edrus. Com o cancelamento, uma nova sess\u00e3o foi convocada para o dia 26 de mar\u00e7o.<\/p>\n\n\n\n<p>Entre os vetos que seriam analisados pelos congressistas est\u00e3o sete itens do&nbsp;<a href=\"https:\/\/www25.senado.leg.br\/web\/atividade\/materias\/-\/materia\/140099\" target=\"_blank\" rel=\"noreferrer noopener\">Projeto de Lei do pacote anticrime<\/a>&nbsp;(PL.6.341\/2019). Entre os pontos vetados est\u00e1 o acordo de n\u00e3o persecu\u00e7\u00e3o penal, no qual o governo pode fechar acordo com indiciados e desistir de processar a pessoa por crimes contra o patrim\u00f4nio p\u00fablico previstos na&nbsp;<a href=\"http:\/\/www.planalto.gov.br\/ccivil_03\/leis\/l8429.htm\" target=\"_blank\" rel=\"noreferrer noopener\">Lei de Improbidade Administrativa<\/a>.<\/p>\n\n\n\n<p>Tamb\u00e9m consta da pauta o veto total ao&nbsp;<a href=\"https:\/\/www.camara.leg.br\/proposicoesWeb\/prop_mostrarintegra;jsessionid=5043010C331FC6860CB94FFBF78C949C.proposicoesWebExterno2?codteor=1828759&amp;filename=PL+5815\/2019\" target=\"_blank\" rel=\"noreferrer noopener\">Projeto de Lei 5.815\/2019<\/a>&nbsp;que prorroga os incentivos do setor audiovisual, estendendo at\u00e9 2024 o prazo para a utiliza\u00e7\u00e3o de recursos no \u00e2mbito do Recine, um regime especial de tributa\u00e7\u00e3o para essa finalidade.<\/p>\n\n\n\n<p>Al\u00e9m dos vetos, tamb\u00e9m constava ordem do dia do Congresso a vota\u00e7\u00e3o de tr\u00eas projetos de lei do Congresso Nacional (PLN)&nbsp;<a href=\"https:\/\/legis.senado.leg.br\/sdleg-getter\/documento?dm=8071471&amp;ts=1584378876939&amp;disposition=inline\" target=\"_blank\" rel=\"noreferrer noopener\">sobre o Or\u00e7amento impositivo<\/a>, que regulamentam a execu\u00e7\u00e3o de emendas impositivas e diminuem o valor total das emendas do relator-geral do Or\u00e7amento, transformando-as em despesas a cargo do Poder Executivo.<\/p>\n","protected":false},"excerpt":{"rendered":"<p>vetos presidenciais e votar os projetos de lei do Congresso Nacional que regulamentam o Or\u00e7amento Impositivo foi cancelada. A medida se deu em fun\u00e7\u00e3o da&hellip; <\/p>\n","protected":false},"author":2,"featured_media":158470,"comment_status":"closed","ping_status":"closed","sticky":false,"template":"","format":"standard","meta":{"sfsi_plus_gutenberg_text_before_share":"","sfsi_plus_gutenberg_show_text_before_share":"","sfsi_plus_gutenberg_icon_type":"","sfsi_plus_gutenberg_icon_alignemt":"","sfsi_plus_gutenburg_max_per_row":"","footnotes":""},"categories":[2],"tags":[],"class_list":["post-158469","post","type-post","status-publish","format-standard","has-post-thumbnail","hentry","category-geral"],"_links":{"self":[{"href":"https:\/\/www.caririemacao.com\/1\/wp-json\/wp\/v2\/posts\/158469","targetHints":{"allow":["GET"]}}],"collection":[{"href":"https:\/\/www.caririemacao.com\/1\/wp-json\/wp\/v2\/posts"}],"about":[{"href":"https:\/\/www.caririemacao.com\/1\/wp-json\/wp\/v2\/types\/post"}],"author":[{"embeddable":true,"href":"https:\/\/www.caririemacao.com\/1\/wp-json\/wp\/v2\/users\/2"}],"replies":[{"embeddable":true,"href":"https:\/\/www.caririemacao.com\/1\/wp-json\/wp\/v2\/comments?post=158469"}],"version-history":[{"count":1,"href":"https:\/\/www.caririemacao.com\/1\/wp-json\/wp\/v2\/posts\/158469\/revisions"}],"predecessor-version":[{"id":158471,"href":"https:\/\/www.caririemacao.com\/1\/wp-json\/wp\/v2\/posts\/158469\/revisions\/158471"}],"wp:featuredmedia":[{"embeddable":true,"href":"https:\/\/www.caririemacao.com\/1\/wp-json\/wp\/v2\/media\/158470"}],"wp:attachment":[{"href":"https:\/\/www.caririemacao.com\/1\/wp-json\/wp\/v2\/media?parent=158469"}],"wp:term":[{"taxonomy":"category","embeddable":true,"href":"https:\/\/www.caririemacao.com\/1\/wp-json\/wp\/v2\/categories?post=158469"},{"taxonomy":"post_tag","embeddable":true,"href":"https:\/\/www.caririemacao.com\/1\/wp-json\/wp\/v2\/tags?post=158469"}],"curies":[{"name":"wp","href":"https:\/\/api.w.org\/{rel}","templated":true}]}}