{"id":158475,"date":"2020-03-17T14:48:27","date_gmt":"2020-03-17T17:48:27","guid":{"rendered":"http:\/\/www.caririemacao.com\/1\/?p=158475"},"modified":"2020-03-17T14:48:28","modified_gmt":"2020-03-17T17:48:28","slug":"duas-criancas-de-cabaceiras-passam-a-ser-investigadas-para-o-novo-covid-19","status":"publish","type":"post","link":"https:\/\/www.caririemacao.com\/1\/2020\/03\/17\/duas-criancas-de-cabaceiras-passam-a-ser-investigadas-para-o-novo-covid-19\/","title":{"rendered":"Duas crian\u00e7as de Cabaceiras passam a ser investigadas para o novo Covid-19"},"content":{"rendered":"\n<p>No in\u00edcio da tarde desta ter\u00e7a-feira(17) a dire\u00e7\u00e3o do do Hospital Regional de Boqueir\u00e3o, em nome do diretor Evandro Soares, confirmou a informa\u00e7\u00e3o que que duas crian\u00e7as de 5 e 8 anos, rec\u00e9m chegadas do Rio de Janeiro, foram atendidas na unidade hospitalar com suspeitas de uma forte gripe, n\u00e3o estando descartada a possibilidade de infe\u00e7\u00e3o com o novo Coronav\u00edrus. Os pequenos s\u00e3o do munic\u00edpio de Cabaceiras.<\/p>\n\n\n\n<p>A dire\u00e7\u00e3o do hospital informou que elas foram avaliadas pelo m\u00e9dico plantonista, e ao serem consultadas se queixaram de febre, dor no corpo e diarreia, sintomas caracter\u00edsticos de uma virose, podendo ser o Covid-19.<\/p>\n\n\n\n<p>As crian\u00e7as foram medicadas e est\u00e3o isoladas e aguardando o encaminhamento para um setor ou unidade hospitalar mais aquedada para novas avalia\u00e7\u00f5es m\u00e9dicas.<\/p>\n\n\n\n<p>O hospital ainda confirmou que exames ser\u00e3o feitos para saber se confirma ou n\u00e3o o caso de coronav\u00edrus.<\/p>\n\n\n\n<p>O prefeito de Cabaceiras, Tiago Castro, destacou que o munic\u00edpio est\u00e1 tomando todos os cuidados necess\u00e1rios para evitar uma prolifera\u00e7\u00e3o da doen\u00e7a na cidade. O gestor pediu para que a popula\u00e7\u00e3o fa\u00e7a sua parte e siga as orienta\u00e7\u00f5es que o Minist\u00e9rio da Sa\u00fade est\u00e1 pedindo para evitar maiores problemas.<\/p>\n\n\n\n<p><strong>De Olho no Cariri<\/strong><\/p>\n","protected":false},"excerpt":{"rendered":"<p>No in\u00edcio da tarde desta ter\u00e7a-feira(17) a dire\u00e7\u00e3o do do Hospital Regional de Boqueir\u00e3o, em nome do diretor Evandro Soares, confirmou a informa\u00e7\u00e3o que que&hellip; <\/p>\n","protected":false},"author":2,"featured_media":158476,"comment_status":"closed","ping_status":"closed","sticky":false,"template":"","format":"standard","meta":{"sfsi_plus_gutenberg_text_before_share":"","sfsi_plus_gutenberg_show_text_before_share":"","sfsi_plus_gutenberg_icon_type":"","sfsi_plus_gutenberg_icon_alignemt":"","sfsi_plus_gutenburg_max_per_row":"","footnotes":""},"categories":[2],"tags":[],"class_list":["post-158475","post","type-post","status-publish","format-standard","has-post-thumbnail","hentry","category-geral"],"_links":{"self":[{"href":"https:\/\/www.caririemacao.com\/1\/wp-json\/wp\/v2\/posts\/158475","targetHints":{"allow":["GET"]}}],"collection":[{"href":"https:\/\/www.caririemacao.com\/1\/wp-json\/wp\/v2\/posts"}],"about":[{"href":"https:\/\/www.caririemacao.com\/1\/wp-json\/wp\/v2\/types\/post"}],"author":[{"embeddable":true,"href":"https:\/\/www.caririemacao.com\/1\/wp-json\/wp\/v2\/users\/2"}],"replies":[{"embeddable":true,"href":"https:\/\/www.caririemacao.com\/1\/wp-json\/wp\/v2\/comments?post=158475"}],"version-history":[{"count":1,"href":"https:\/\/www.caririemacao.com\/1\/wp-json\/wp\/v2\/posts\/158475\/revisions"}],"predecessor-version":[{"id":158477,"href":"https:\/\/www.caririemacao.com\/1\/wp-json\/wp\/v2\/posts\/158475\/revisions\/158477"}],"wp:featuredmedia":[{"embeddable":true,"href":"https:\/\/www.caririemacao.com\/1\/wp-json\/wp\/v2\/media\/158476"}],"wp:attachment":[{"href":"https:\/\/www.caririemacao.com\/1\/wp-json\/wp\/v2\/media?parent=158475"}],"wp:term":[{"taxonomy":"category","embeddable":true,"href":"https:\/\/www.caririemacao.com\/1\/wp-json\/wp\/v2\/categories?post=158475"},{"taxonomy":"post_tag","embeddable":true,"href":"https:\/\/www.caririemacao.com\/1\/wp-json\/wp\/v2\/tags?post=158475"}],"curies":[{"name":"wp","href":"https:\/\/api.w.org\/{rel}","templated":true}]}}