{"id":158480,"date":"2020-03-17T14:55:22","date_gmt":"2020-03-17T17:55:22","guid":{"rendered":"http:\/\/www.caririemacao.com\/1\/?p=158480"},"modified":"2020-03-17T14:55:24","modified_gmt":"2020-03-17T17:55:24","slug":"policia-civil-prende-segundo-suspeito-do-caso-de-tortura-ao-professor-serra-branquense","status":"publish","type":"post","link":"https:\/\/www.caririemacao.com\/1\/2020\/03\/17\/policia-civil-prende-segundo-suspeito-do-caso-de-tortura-ao-professor-serra-branquense\/","title":{"rendered":"Pol\u00edcia Civil prende segundo suspeito do caso de tortura ao professor serra-branquense"},"content":{"rendered":"\n<div class=\"wp-block-image\"><figure class=\"aligncenter\"><img decoding=\"async\" data-src=\"http:\/\/deolhonocariri.com.br\/wp-content\/uploads\/2020\/02\/86970497_3039120529483800_7509877993548808192_n.jpg\" alt=\"\" class=\"wp-image-78100 lazyload\" src=\"data:image\/svg+xml;base64,PHN2ZyB3aWR0aD0iMSIgaGVpZ2h0PSIxIiB4bWxucz0iaHR0cDovL3d3dy53My5vcmcvMjAwMC9zdmciPjwvc3ZnPg==\" \/><\/figure><\/div>\n\n\n\n<p>A Pol\u00edcia Civil por meio da Delegacia de Serra Branca, vinculada \u00e0 14 DSPC\/Monteiro, cumpriu no final da manh\u00e3 desta \u00faltima segunda-feira(16), um mandado de pris\u00e3o preventiva em desfavor de um serrabranquense de 21 anos.<\/p>\n\n\n\n<p>Ele \u00e9 o segundo suspeito de envolvimento preso pela pr\u00e1tica de atos de tortura contra o professor de espanhol Luiz Carlos Rodrigues Alves, que foi agredido covardemente por um grupo de pessoas na cidade de Serra Branca, Cariri paraibano.<\/p>\n\n\n\n<p>O primeiro suspeito do grupo de agressores foi preso no mesmo dia do crime, ocorrido no \u00faltimo dia 17 de fevereiro, na cidade de Serra Branca. Em uma a\u00e7\u00e3o conjunta que contou com apoio da Pol\u00edcia Civil da cidade e tamb\u00e9m da Pol\u00edcia Militar da cidade vizinha de S\u00e3o Jos\u00e9 dos Cordeiros. No carro do suspeito foram encontrados um chicote artesanal, uma barra de ferro e tr\u00eas peda\u00e7os de madeiras com punho. O suspeito e o material apreendido foram levados para a delegacia de Serra Branca.<\/p>\n\n\n\n<p><strong>Relembre o caso<\/strong><\/p>\n\n\n\n<p>Um professor de 45 anos foi raptado de casa, levado para um matagal e torturado por quatro homens, na tarde do dia 17 de fevereiro 2020, em Serra Branca, no Cariri do estado. Segundo a Pol\u00edcia Militar, o crime aconteceu ap\u00f3s um v\u00eddeo em que a v\u00edtima aparece praticando sexo oral em um homem na pra\u00e7a da cidade, durante a madrugada, ser compartilhado em redes sociais. Um suspeito foi preso e confessou que a agress\u00e3o foi planejada como forma de \u201cvingan\u00e7a\u201d ao ato do professor. Os agressores poder\u00e3o responder judicialmente pelos crimes de tentativa de homic\u00eddio, homofobia e tortura.<\/p>\n\n\n\n<p><strong>De Olho no Cariri<\/strong><\/p>\n","protected":false},"excerpt":{"rendered":"<p>A Pol\u00edcia Civil por meio da Delegacia de Serra Branca, vinculada \u00e0 14 DSPC\/Monteiro, cumpriu no final da manh\u00e3 desta \u00faltima segunda-feira(16), um mandado de&hellip; <\/p>\n","protected":false},"author":2,"featured_media":154249,"comment_status":"closed","ping_status":"closed","sticky":false,"template":"","format":"standard","meta":{"sfsi_plus_gutenberg_text_before_share":"","sfsi_plus_gutenberg_show_text_before_share":"","sfsi_plus_gutenberg_icon_type":"","sfsi_plus_gutenberg_icon_alignemt":"","sfsi_plus_gutenburg_max_per_row":"","footnotes":""},"categories":[12],"tags":[],"class_list":["post-158480","post","type-post","status-publish","format-standard","has-post-thumbnail","hentry","category-policia"],"_links":{"self":[{"href":"https:\/\/www.caririemacao.com\/1\/wp-json\/wp\/v2\/posts\/158480","targetHints":{"allow":["GET"]}}],"collection":[{"href":"https:\/\/www.caririemacao.com\/1\/wp-json\/wp\/v2\/posts"}],"about":[{"href":"https:\/\/www.caririemacao.com\/1\/wp-json\/wp\/v2\/types\/post"}],"author":[{"embeddable":true,"href":"https:\/\/www.caririemacao.com\/1\/wp-json\/wp\/v2\/users\/2"}],"replies":[{"embeddable":true,"href":"https:\/\/www.caririemacao.com\/1\/wp-json\/wp\/v2\/comments?post=158480"}],"version-history":[{"count":1,"href":"https:\/\/www.caririemacao.com\/1\/wp-json\/wp\/v2\/posts\/158480\/revisions"}],"predecessor-version":[{"id":158482,"href":"https:\/\/www.caririemacao.com\/1\/wp-json\/wp\/v2\/posts\/158480\/revisions\/158482"}],"wp:featuredmedia":[{"embeddable":true,"href":"https:\/\/www.caririemacao.com\/1\/wp-json\/wp\/v2\/media\/154249"}],"wp:attachment":[{"href":"https:\/\/www.caririemacao.com\/1\/wp-json\/wp\/v2\/media?parent=158480"}],"wp:term":[{"taxonomy":"category","embeddable":true,"href":"https:\/\/www.caririemacao.com\/1\/wp-json\/wp\/v2\/categories?post=158480"},{"taxonomy":"post_tag","embeddable":true,"href":"https:\/\/www.caririemacao.com\/1\/wp-json\/wp\/v2\/tags?post=158480"}],"curies":[{"name":"wp","href":"https:\/\/api.w.org\/{rel}","templated":true}]}}