{"id":158485,"date":"2020-03-17T16:44:10","date_gmt":"2020-03-17T19:44:10","guid":{"rendered":"http:\/\/www.caririemacao.com\/1\/?p=158485"},"modified":"2020-03-17T16:44:12","modified_gmt":"2020-03-17T19:44:12","slug":"prefeituras-do-cariri-cancelam-aulas-e-adotam-medidas-de-prevencao-e-combate-contra-o-coronavirus","status":"publish","type":"post","link":"https:\/\/www.caririemacao.com\/1\/2020\/03\/17\/prefeituras-do-cariri-cancelam-aulas-e-adotam-medidas-de-prevencao-e-combate-contra-o-coronavirus\/","title":{"rendered":"Prefeituras do Cariri cancelam aulas e adotam medidas de preven\u00e7\u00e3o e combate contra o coronav\u00edrus"},"content":{"rendered":"\n<p>As prefeituras de S\u00e3o Domingos do Cariri, Monteiro, S\u00e3o Jo\u00e3o do Cariri, Sum\u00e9 e Serra Branca, divulgaram comunicados nesta ter\u00e7a-feira(17), informando sobre a suspens\u00e3o das aulas da rede municipal de ensino dos respectivos munic\u00edpios, como forma de prevenir e evitar a propaga\u00e7\u00e3o do novo coronav\u00edrus (Covid-19).<\/p>\n\n\n\n<p>Al\u00e9m da paralisa\u00e7\u00e3o das aulas, os munic\u00edpios divulgaram uma s\u00e9rie de medidas cautelares que ser\u00e3o adotadas no sentido de resguardar a popula\u00e7\u00e3o contra o Coronav\u00edrus.<\/p>\n\n\n\n<p>Em S\u00e3o Domingos do Cariri, a gestora Inara Marinho antecipou as f\u00e9rias escolares do m\u00eas de junho para este m\u00eas de mar\u00e7o, sendo iniciadas j\u00e1 a partir desta quarta-feira, dia 18. O munic\u00edpio ainda enfrenta dificuldades na quest\u00e3o de locomo\u00e7\u00e3o de alunos que residem na zona rural e em certas comunidades est\u00e3o ilhados devido a passagem das \u00e1guas do rio Para\u00edba.<\/p>\n\n\n\n<p>J\u00e1 em S\u00e3o Jo\u00e3o do Cariri, o prefeito Helder Trajano emitiu um comunicado suspendendo as aulas nas escolas, creches, atividades da a\u00e7\u00e3o social e demais atos que aglomerem pessoas. O expediente na Prefeitura Municipal ser\u00e1 interno.<\/p>\n\n\n\n<p>Em Monteiro, a prefeita Anna Lorena emitiu um decreto que disp\u00f5e sobre as medidas a serem adotadas imediatamente no munic\u00edpio no sentido de resguardar a popula\u00e7\u00e3o do v\u00edrus. Entre as principais medidas para enfrentamento da emerg\u00eancia de sa\u00fade p\u00fablica de import\u00e2ncia internacional decorrente do Covid-19, foi a suspens\u00e3o por 30 dias de todas as atividades administrativas ligadas a gest\u00e3o, como inaugura\u00e7\u00f5es, eventos, atividades e ordens de servi\u00e7o.<\/p>\n\n\n\n<p>Na educa\u00e7\u00e3o, ficam suspensas, no \u00e2mbito do Munic\u00edpio, pelo prazo de 15 dias, atividades educacionais em todas as escolas p\u00fablicas do Munic\u00edpio, podendo ser prorrogadas por igual per\u00edodo. A suspens\u00e3o das aulas na rede de ensino p\u00fablica do Munic\u00edpio, dever\u00e1 ser compreendida como recesso\/f\u00e9rias escolares do m\u00eas de julho.<\/p>\n\n\n\n<p><strong>De Olho no Cariri<\/strong><\/p>\n","protected":false},"excerpt":{"rendered":"<p>As prefeituras de S\u00e3o Domingos do Cariri, Monteiro, S\u00e3o Jo\u00e3o do Cariri, Sum\u00e9 e Serra Branca, divulgaram comunicados nesta ter\u00e7a-feira(17), informando sobre a suspens\u00e3o das&hellip; <\/p>\n","protected":false},"author":2,"featured_media":152134,"comment_status":"closed","ping_status":"closed","sticky":false,"template":"","format":"standard","meta":{"sfsi_plus_gutenberg_text_before_share":"","sfsi_plus_gutenberg_show_text_before_share":"","sfsi_plus_gutenberg_icon_type":"","sfsi_plus_gutenberg_icon_alignemt":"","sfsi_plus_gutenburg_max_per_row":"","footnotes":""},"categories":[50,2],"tags":[],"class_list":["post-158485","post","type-post","status-publish","format-standard","has-post-thumbnail","hentry","category-destaque","category-geral"],"_links":{"self":[{"href":"https:\/\/www.caririemacao.com\/1\/wp-json\/wp\/v2\/posts\/158485","targetHints":{"allow":["GET"]}}],"collection":[{"href":"https:\/\/www.caririemacao.com\/1\/wp-json\/wp\/v2\/posts"}],"about":[{"href":"https:\/\/www.caririemacao.com\/1\/wp-json\/wp\/v2\/types\/post"}],"author":[{"embeddable":true,"href":"https:\/\/www.caririemacao.com\/1\/wp-json\/wp\/v2\/users\/2"}],"replies":[{"embeddable":true,"href":"https:\/\/www.caririemacao.com\/1\/wp-json\/wp\/v2\/comments?post=158485"}],"version-history":[{"count":1,"href":"https:\/\/www.caririemacao.com\/1\/wp-json\/wp\/v2\/posts\/158485\/revisions"}],"predecessor-version":[{"id":158486,"href":"https:\/\/www.caririemacao.com\/1\/wp-json\/wp\/v2\/posts\/158485\/revisions\/158486"}],"wp:featuredmedia":[{"embeddable":true,"href":"https:\/\/www.caririemacao.com\/1\/wp-json\/wp\/v2\/media\/152134"}],"wp:attachment":[{"href":"https:\/\/www.caririemacao.com\/1\/wp-json\/wp\/v2\/media?parent=158485"}],"wp:term":[{"taxonomy":"category","embeddable":true,"href":"https:\/\/www.caririemacao.com\/1\/wp-json\/wp\/v2\/categories?post=158485"},{"taxonomy":"post_tag","embeddable":true,"href":"https:\/\/www.caririemacao.com\/1\/wp-json\/wp\/v2\/tags?post=158485"}],"curies":[{"name":"wp","href":"https:\/\/api.w.org\/{rel}","templated":true}]}}