{"id":158488,"date":"2020-03-17T16:47:05","date_gmt":"2020-03-17T19:47:05","guid":{"rendered":"http:\/\/www.caririemacao.com\/1\/?p=158488"},"modified":"2020-03-17T16:47:07","modified_gmt":"2020-03-17T19:47:07","slug":"secretaria-municipal-de-educacao-de-prata-suspende-as-aulas-da-rede-municipal-de-ensino","status":"publish","type":"post","link":"https:\/\/www.caririemacao.com\/1\/2020\/03\/17\/secretaria-municipal-de-educacao-de-prata-suspende-as-aulas-da-rede-municipal-de-ensino\/","title":{"rendered":"Secretaria Municipal de Educa\u00e7\u00e3o de Prata suspende as aulas da rede municipal de ensino"},"content":{"rendered":"\n<p>O Prefeito Municipal de Prata, J\u00fanior N\u00f3brega, se reuniu com a Secretaria Municipal de Educa\u00e7\u00e3o, Janiete Nunes e decidiu\u00a0 suspender as aulas da rede municipal de ensino, a partir desta ter\u00e7a feira dia 17 de mar\u00e7o, para garantir a Sa\u00fade da popula\u00e7\u00e3o e evitar aglomera\u00e7\u00f5es que possam contribuir com a dissemina\u00e7\u00e3o do novo Coronav\u00edrus(Covid-19). <\/p>\n\n\n\n<p>As medidas s\u00e3o necess\u00e1rias no momento, mesmo n\u00e3o havendo pacientes conformados com a doen\u00e7a na cidade.<br>Ser\u00e1 esclarecida medidas preventivas por conta da Secretaria de Sa\u00fade com\u00a0 a papula\u00e7\u00e3o deve prevenir no combate ao Coronav\u00edrus.<\/p>\n\n\n\n<p><br>A Recomenda\u00e7\u00e3o da Secretaria Municipal de Sa\u00fade \u00e9 para que as fam\u00edlias evitem deixar as crian\u00e7as com av\u00f3s ou pessoas idosas durante esse recesso, j\u00e1 que os mais velhos formam o grupo de maior risco dos efeitos do Coronav\u00edrus<\/p>\n\n\n\n<p>.<strong>Pe\u00e7o que todos compreendem essa decis\u00e3o naquilo que ela \u00e9: uma forma de conter o avan\u00e7o do problema e assim diminuir impactos futuros.<\/strong><\/p>\n\n\n\n<p>Medidas como esta \u00e9 preciso tomar para prevenir a sa\u00fade dos nossos alunos, profissionais da educa\u00e7\u00e3o e a popula\u00e7\u00e3o, disse a Secret\u00e1ria Janiete.<\/p>\n\n\n\n<p><br>O Prefeito J\u00fanior N\u00f3brega disse que prevenir \u00e9 a melhor coisa que fazemos, e essa medida tomamos na hora certa, onde os estudantes, funcion\u00e1rios da educa\u00e7\u00e3o e toda popula\u00e7\u00e3o possa se prevenir melhor<\/p>\n\n\n\n<figure class=\"wp-block-image\"><a href=\"https:\/\/1.bp.blogspot.com\/-JBC-wnqPWJc\/XnEO2aFuvPI\/AAAAAAAAEs0\/Qagx8HZFevkZ1w2Fa5PevIRINVCBoD5TQCNcBGAsYHQ\/s1600\/3.jpg\"><img decoding=\"async\" data-src=\"https:\/\/1.bp.blogspot.com\/-JBC-wnqPWJc\/XnEO2aFuvPI\/AAAAAAAAEs0\/Qagx8HZFevkZ1w2Fa5PevIRINVCBoD5TQCNcBGAsYHQ\/s320\/3.jpg\" alt=\"\" src=\"data:image\/svg+xml;base64,PHN2ZyB3aWR0aD0iMSIgaGVpZ2h0PSIxIiB4bWxucz0iaHR0cDovL3d3dy53My5vcmcvMjAwMC9zdmciPjwvc3ZnPg==\" class=\"lazyload\" \/><\/a><\/figure>\n\n\n\n<p>Blog do Poeta Teixeirinha da Prata.<\/p>\n","protected":false},"excerpt":{"rendered":"<p>O Prefeito Municipal de Prata, J\u00fanior N\u00f3brega, se reuniu com a Secretaria Municipal de Educa\u00e7\u00e3o, Janiete Nunes e decidiu\u00a0 suspender as aulas da rede municipal&hellip; <\/p>\n","protected":false},"author":2,"featured_media":158489,"comment_status":"closed","ping_status":"closed","sticky":false,"template":"","format":"standard","meta":{"sfsi_plus_gutenberg_text_before_share":"","sfsi_plus_gutenberg_show_text_before_share":"","sfsi_plus_gutenberg_icon_type":"","sfsi_plus_gutenberg_icon_alignemt":"","sfsi_plus_gutenburg_max_per_row":"","footnotes":""},"categories":[6],"tags":[],"class_list":["post-158488","post","type-post","status-publish","format-standard","has-post-thumbnail","hentry","category-cidades"],"_links":{"self":[{"href":"https:\/\/www.caririemacao.com\/1\/wp-json\/wp\/v2\/posts\/158488","targetHints":{"allow":["GET"]}}],"collection":[{"href":"https:\/\/www.caririemacao.com\/1\/wp-json\/wp\/v2\/posts"}],"about":[{"href":"https:\/\/www.caririemacao.com\/1\/wp-json\/wp\/v2\/types\/post"}],"author":[{"embeddable":true,"href":"https:\/\/www.caririemacao.com\/1\/wp-json\/wp\/v2\/users\/2"}],"replies":[{"embeddable":true,"href":"https:\/\/www.caririemacao.com\/1\/wp-json\/wp\/v2\/comments?post=158488"}],"version-history":[{"count":1,"href":"https:\/\/www.caririemacao.com\/1\/wp-json\/wp\/v2\/posts\/158488\/revisions"}],"predecessor-version":[{"id":158490,"href":"https:\/\/www.caririemacao.com\/1\/wp-json\/wp\/v2\/posts\/158488\/revisions\/158490"}],"wp:featuredmedia":[{"embeddable":true,"href":"https:\/\/www.caririemacao.com\/1\/wp-json\/wp\/v2\/media\/158489"}],"wp:attachment":[{"href":"https:\/\/www.caririemacao.com\/1\/wp-json\/wp\/v2\/media?parent=158488"}],"wp:term":[{"taxonomy":"category","embeddable":true,"href":"https:\/\/www.caririemacao.com\/1\/wp-json\/wp\/v2\/categories?post=158488"},{"taxonomy":"post_tag","embeddable":true,"href":"https:\/\/www.caririemacao.com\/1\/wp-json\/wp\/v2\/tags?post=158488"}],"curies":[{"name":"wp","href":"https:\/\/api.w.org\/{rel}","templated":true}]}}