{"id":158495,"date":"2020-03-17T21:49:01","date_gmt":"2020-03-18T00:49:01","guid":{"rendered":"http:\/\/www.caririemacao.com\/1\/?p=158495"},"modified":"2020-03-18T08:17:47","modified_gmt":"2020-03-18T11:17:47","slug":"camara-de-sao-j-dos-cordeiros-aprova-projetos-de-valorizacao-a-mulher-defendidos-pelo-vereador-niedson-brito","status":"publish","type":"post","link":"https:\/\/www.caririemacao.com\/1\/2020\/03\/17\/camara-de-sao-j-dos-cordeiros-aprova-projetos-de-valorizacao-a-mulher-defendidos-pelo-vereador-niedson-brito\/","title":{"rendered":"C\u00e2mara de S\u00e3o J. dos Cordeiros aprova projetos de valoriza\u00e7\u00e3o \u00e0 mulher, defendidos pelo Vereador Niedson Brito"},"content":{"rendered":"\n<p>Foi realizada na manh\u00e3 desta ter\u00e7a-feira 17, na cidade de S\u00e3o Jos\u00e9 dos Cordeiros, mais uma sess\u00e3o da C\u00e2mara de Vereadores de S\u00e3o Jos\u00e9 dos Cordeiros sob a presid\u00eancia do vereador Georgiton Almeida.   <\/p>\n\n\n\n<p>Na reuni\u00e3o foram aprovados projetos de lei importantes em valoriza\u00e7\u00e3o \u00e0 mulher. Dois deles, foram os projetos defendidos pelo vereador Niedson Brito. <\/p>\n\n\n\n<p>Durante a reuni\u00e3o,  o vereador Niedson Brito, defendeu dois projetos de lei, que consequentemente foram aprovados pelos vereadores, voltados a valoriza\u00e7\u00e3o da mulher. Tamb\u00e9m no mesmo dia, o vereador Niedson protocolou um terceiro projeto de Lei, voltado a prote\u00e7\u00e3o e a elimina\u00e7\u00e3o da viol\u00eancia dom\u00e9stica. <\/p>\n\n\n\n<p>Durante a manh\u00e3, foi entregue ao Instituto INACIO CHAGAS DE BRITO, aparelho de aferi\u00e7\u00e3o da press\u00e3o, aparelho de medi\u00e7\u00e3o de glicose, muleta e um kit de material para curativos. Esses equipamentos est\u00e3o a disposi\u00e7\u00e3o da popula\u00e7\u00e3o gratuitamente e foi adquirido pelo Vereador Niedson Brito com recurso pr\u00f3prio.<\/p>\n\n\n\n<p>O Instituto In\u00e1cio Chagas de Brito foi criado pelo vereador Niedson Brito, e tem esse nome em homenagem ao seu av\u00f4. <\/p>\n\n\n\n<p>Umas das beneficiadas do Instituto In\u00e1cio Chagas foi Dona Maria T\u00e2nia de Queiroz, que foi atendida com uma cadeira de rodas e uma cadeira de banho, doadas pelo projeto. O qual presta servi\u00e7os semanalmente com uma t\u00e9cnica de enfermagem,  fazendo visitas domiciliares aos moradores que necessitam de atendimento especial domiciliar.  <\/p>\n\n\n\n<figure class=\"wp-block-image size-large\"><img fetchpriority=\"high\" decoding=\"async\" width=\"575\" height=\"1024\" src=\"http:\/\/www.caririemacao.com\/1\/wp-content\/uploads\/2020\/03\/IMG-20200317-WA0223-1-575x1024.jpg\" alt=\"\" class=\"wp-image-158502\" srcset=\"https:\/\/www.caririemacao.com\/1\/wp-content\/uploads\/2020\/03\/IMG-20200317-WA0223-1-575x1024.jpg 575w, https:\/\/www.caririemacao.com\/1\/wp-content\/uploads\/2020\/03\/IMG-20200317-WA0223-1-168x300.jpg 168w, https:\/\/www.caririemacao.com\/1\/wp-content\/uploads\/2020\/03\/IMG-20200317-WA0223-1.jpg 584w\" sizes=\"(max-width: 575px) 100vw, 575px\" \/><\/figure>\n\n\n\n<p>Logo cedo, o Vereador Niedson Brito, foi recepcionado por populares que declararam apoio a sua reelei\u00e7\u00e3o.<\/p>\n","protected":false},"excerpt":{"rendered":"<p>Foi realizada na manh\u00e3 desta ter\u00e7a-feira 17, na cidade de S\u00e3o Jos\u00e9 dos Cordeiros, mais uma sess\u00e3o da C\u00e2mara de Vereadores de S\u00e3o Jos\u00e9 dos&hellip; <\/p>\n","protected":false},"author":1,"featured_media":158503,"comment_status":"closed","ping_status":"closed","sticky":false,"template":"","format":"standard","meta":{"sfsi_plus_gutenberg_text_before_share":"","sfsi_plus_gutenberg_show_text_before_share":"","sfsi_plus_gutenberg_icon_type":"","sfsi_plus_gutenberg_icon_alignemt":"","sfsi_plus_gutenburg_max_per_row":"","footnotes":""},"categories":[6,50],"tags":[],"class_list":["post-158495","post","type-post","status-publish","format-standard","has-post-thumbnail","hentry","category-cidades","category-destaque"],"_links":{"self":[{"href":"https:\/\/www.caririemacao.com\/1\/wp-json\/wp\/v2\/posts\/158495","targetHints":{"allow":["GET"]}}],"collection":[{"href":"https:\/\/www.caririemacao.com\/1\/wp-json\/wp\/v2\/posts"}],"about":[{"href":"https:\/\/www.caririemacao.com\/1\/wp-json\/wp\/v2\/types\/post"}],"author":[{"embeddable":true,"href":"https:\/\/www.caririemacao.com\/1\/wp-json\/wp\/v2\/users\/1"}],"replies":[{"embeddable":true,"href":"https:\/\/www.caririemacao.com\/1\/wp-json\/wp\/v2\/comments?post=158495"}],"version-history":[{"count":10,"href":"https:\/\/www.caririemacao.com\/1\/wp-json\/wp\/v2\/posts\/158495\/revisions"}],"predecessor-version":[{"id":158608,"href":"https:\/\/www.caririemacao.com\/1\/wp-json\/wp\/v2\/posts\/158495\/revisions\/158608"}],"wp:featuredmedia":[{"embeddable":true,"href":"https:\/\/www.caririemacao.com\/1\/wp-json\/wp\/v2\/media\/158503"}],"wp:attachment":[{"href":"https:\/\/www.caririemacao.com\/1\/wp-json\/wp\/v2\/media?parent=158495"}],"wp:term":[{"taxonomy":"category","embeddable":true,"href":"https:\/\/www.caririemacao.com\/1\/wp-json\/wp\/v2\/categories?post=158495"},{"taxonomy":"post_tag","embeddable":true,"href":"https:\/\/www.caririemacao.com\/1\/wp-json\/wp\/v2\/tags?post=158495"}],"curies":[{"name":"wp","href":"https:\/\/api.w.org\/{rel}","templated":true}]}}