{"id":158508,"date":"2020-03-17T21:57:43","date_gmt":"2020-03-18T00:57:43","guid":{"rendered":"http:\/\/www.caririemacao.com\/1\/?p=158508"},"modified":"2020-03-17T21:57:44","modified_gmt":"2020-03-18T00:57:44","slug":"sume-prefeito-eden-duarte-divulga-decreto-com-medidas-contra-o-coronavirus","status":"publish","type":"post","link":"https:\/\/www.caririemacao.com\/1\/2020\/03\/17\/sume-prefeito-eden-duarte-divulga-decreto-com-medidas-contra-o-coronavirus\/","title":{"rendered":"SUM\u00c9: Prefeito \u00c9den Duarte divulga decreto com medidas contra o coronav\u00edrus"},"content":{"rendered":"\n<p>O prefeito de Sum\u00e9 \u00c9den Duarte participou, na manh\u00e3 dessa ter\u00e7a-feira (17), de uma reuni\u00e3o no Conselho Municipal da Sa\u00fade (CMS) para juntamente com auxiliares do governo, t\u00e9cnicos da sa\u00fade municipal e membros da sociedade civil organizada tra\u00e7arem estrat\u00e9gias de enfrentamento ao coronav\u00edrus.<\/p>\n\n\n\n<p>Na ocasi\u00e3o a presidente do CMS, Niedja Rodrigues de Siqueira, afirmou que a presen\u00e7a do prefeito \u00c9den Duarte, na reuni\u00e3o, evidenciava o compromisso e a responsabilidade da gest\u00e3o p\u00fablica municipal frente a essa quest\u00e3o, que tem preocupado autoridades e a popula\u00e7\u00e3o em geral no mundo inteiro.<\/p>\n\n\n\n<figure class=\"wp-block-image size-large\"><img fetchpriority=\"high\" decoding=\"async\" width=\"600\" height=\"400\" src=\"http:\/\/www.caririemacao.com\/1\/wp-content\/uploads\/2020\/03\/foto.png\" alt=\"\" class=\"wp-image-158511\" srcset=\"https:\/\/www.caririemacao.com\/1\/wp-content\/uploads\/2020\/03\/foto.png 600w, https:\/\/www.caririemacao.com\/1\/wp-content\/uploads\/2020\/03\/foto-300x200.png 300w\" sizes=\"(max-width: 600px) 100vw, 600px\" \/><\/figure>\n\n\n\n<p>No final da tarde dessa ter\u00e7a-feira (17), o Prefeito de Sum\u00e9 divulgou o decreto em conson\u00e2ncia com as recomenda\u00e7\u00f5es do Governo do Estado da Para\u00edba e do Minist\u00e9rio da Sa\u00fade com as medidas tempor\u00e1rias para prevenir o cont\u00e1gio do coronav\u00edrus.<\/p>\n\n\n\n<p><strong>Medidas Gerais<\/strong><\/p>\n\n\n\n<p>Ficam suspensos eventos de qualquer natureza com p\u00fablico superior a 100 (cem) pessoas, pelo per\u00edodo inicial de 30 (trinta) dias, pass\u00edvel de prorroga\u00e7\u00e3o, em caso de agravamento da pandemia;<\/p>\n\n\n\n<p>Viagens de servidores municipais a servi\u00e7o do Munic\u00edpio de Sum\u00e9 para deslocamento no territ\u00f3rio nacional ou no exterior;<\/p>\n\n\n\n<p>Prova de vida dos servidores municipais inativos;<\/p>\n\n\n\n<p>F\u00e9rias de servidores de \u00e1reas essenciais ao enfrentamento da pandemia pelo per\u00edodo de 60 (sessenta dias);<\/p>\n\n\n\n<p>O Servi\u00e7o de Conviv\u00eancia e Fortalecimento de V\u00ednculos (SCFV) e o Projeto M\u00f4nica a partir de 18\/03\/2020;<\/p>\n\n\n\n<p>Cirurgias eletivas no Hospital Alice de Almeida;<\/p>\n\n\n\n<p>Todo servidor municipal que retornar do exterior ou das \u00e1reas consideradas de transmiss\u00e3o local dever\u00e1 efetuar comunica\u00e7\u00e3o imediata \u00e0 Secretaria Municipal de Sa\u00fade e permanecer em isolamento domiciliar por 15 (quinze) dias, mesmo que n\u00e3o apresente qualquer sintoma relacionado \u00e0 COVID-19, devendo aguardar orienta\u00e7\u00f5es da referida Secretaria.<\/p>\n\n\n\n<p>Locais de grande circula\u00e7\u00e3o pessoas, como bancos, casas lot\u00e9ricas, cooperativas de cr\u00e9dito, shopping centers e com\u00e9rcio em geral dever\u00e3o adotar medidas de preven\u00e7\u00e3o para conter a dissemina\u00e7\u00e3o da Covid-19.<\/p>\n\n\n\n<p>Os servi\u00e7os de alimenta\u00e7\u00e3o, tais como restaurantes, lanchonetes e bares dever\u00e3o adotar medidas de preven\u00e7\u00e3o para conter a dissemina\u00e7\u00e3o da Covid-19.<\/p>\n\n\n\n<p>Fica antecipado o recesso escolar que ocorre sempre no meio de cada ano letivo, na Rede Municipal de Ensino, inclusive particular, devendo o recesso ser iniciado no dia 18\/03\/2020 at\u00e9 o dia 17\/04\/2020.<\/p>\n\n\n\n<p>O atendimento ao p\u00fablico na sede da Prefeitura de Sum\u00e9 dever\u00e1 ocorrer mediante o agendamento pr\u00e9vio na recep\u00e7\u00e3o do pr\u00e9dio sede.<\/p>\n\n\n\n<p>Em rela\u00e7\u00e3o aos servi\u00e7os das Secretarias de Sa\u00fade e Assist\u00eancia Social, ato da Secret\u00e1ria da pasta, considerando as peculiaridades de cada caso, disciplinar\u00e1 o atendimento nas demandas a elas vinculadas.<\/p>\n\n\n\n<p>As a\u00e7\u00f5es e os servi\u00e7os p\u00fablicos de sa\u00fade voltados \u00e0 conten\u00e7\u00e3o da emerg\u00eancia ser\u00e3o articulados pela Secretaria de Sa\u00fade e poder\u00e3o contar com a participa\u00e7\u00e3o dos demais \u00f3rg\u00e3os e entidades da Administra\u00e7\u00e3o P\u00fablica Municipal.<\/p>\n\n\n\n<p>A tramita\u00e7\u00e3o de processos referentes \u00e0s mat\u00e9rias veiculadas neste Decreto correr\u00e1 em regime de urg\u00eancia e ter\u00e1 prioridade em todos os \u00f3rg\u00e3os e entidades do Munic\u00edpio<\/p>\n\n\n\n<p>A \u00edntegra do documento consta aqui&nbsp;<a href=\"http:\/\/aqui\/\">DECRETO N. 1311 DE 17 DE MAR\u00c7O DE 2020.<\/a><\/p>\n","protected":false},"excerpt":{"rendered":"<p>O prefeito de Sum\u00e9 \u00c9den Duarte participou, na manh\u00e3 dessa ter\u00e7a-feira (17), de uma reuni\u00e3o no Conselho Municipal da Sa\u00fade (CMS) para juntamente com auxiliares&hellip; <\/p>\n","protected":false},"author":1,"featured_media":158509,"comment_status":"closed","ping_status":"closed","sticky":false,"template":"","format":"standard","meta":{"sfsi_plus_gutenberg_text_before_share":"","sfsi_plus_gutenberg_show_text_before_share":"","sfsi_plus_gutenberg_icon_type":"","sfsi_plus_gutenberg_icon_alignemt":"","sfsi_plus_gutenburg_max_per_row":"","footnotes":""},"categories":[6,50],"tags":[],"class_list":["post-158508","post","type-post","status-publish","format-standard","has-post-thumbnail","hentry","category-cidades","category-destaque"],"_links":{"self":[{"href":"https:\/\/www.caririemacao.com\/1\/wp-json\/wp\/v2\/posts\/158508","targetHints":{"allow":["GET"]}}],"collection":[{"href":"https:\/\/www.caririemacao.com\/1\/wp-json\/wp\/v2\/posts"}],"about":[{"href":"https:\/\/www.caririemacao.com\/1\/wp-json\/wp\/v2\/types\/post"}],"author":[{"embeddable":true,"href":"https:\/\/www.caririemacao.com\/1\/wp-json\/wp\/v2\/users\/1"}],"replies":[{"embeddable":true,"href":"https:\/\/www.caririemacao.com\/1\/wp-json\/wp\/v2\/comments?post=158508"}],"version-history":[{"count":1,"href":"https:\/\/www.caririemacao.com\/1\/wp-json\/wp\/v2\/posts\/158508\/revisions"}],"predecessor-version":[{"id":158512,"href":"https:\/\/www.caririemacao.com\/1\/wp-json\/wp\/v2\/posts\/158508\/revisions\/158512"}],"wp:featuredmedia":[{"embeddable":true,"href":"https:\/\/www.caririemacao.com\/1\/wp-json\/wp\/v2\/media\/158509"}],"wp:attachment":[{"href":"https:\/\/www.caririemacao.com\/1\/wp-json\/wp\/v2\/media?parent=158508"}],"wp:term":[{"taxonomy":"category","embeddable":true,"href":"https:\/\/www.caririemacao.com\/1\/wp-json\/wp\/v2\/categories?post=158508"},{"taxonomy":"post_tag","embeddable":true,"href":"https:\/\/www.caririemacao.com\/1\/wp-json\/wp\/v2\/tags?post=158508"}],"curies":[{"name":"wp","href":"https:\/\/api.w.org\/{rel}","templated":true}]}}