{"id":158510,"date":"2020-03-17T22:03:58","date_gmt":"2020-03-18T01:03:58","guid":{"rendered":"http:\/\/www.caririemacao.com\/1\/?p=158510"},"modified":"2020-03-17T22:04:00","modified_gmt":"2020-03-18T01:04:00","slug":"prefeitura-de-ouro-velho-adota-medidas-preventivas-por-causa-do-coronavirus","status":"publish","type":"post","link":"https:\/\/www.caririemacao.com\/1\/2020\/03\/17\/prefeitura-de-ouro-velho-adota-medidas-preventivas-por-causa-do-coronavirus\/","title":{"rendered":"Prefeitura de Ouro Velho adota medidas preventivas por causa do coronav\u00edrus"},"content":{"rendered":"\n<p>Diante do crescimento de casos do <strong><em>coronav\u00edrus<\/em><\/strong> no Brasil, a prefeita Nat\u00e1lia de Dr. J\u00fanior decretou por um prazo de 90 dias algumas medidas preventivas que ser\u00e3o adotadas em Ouro Velho, no Cariri Paraibano.<\/p>\n\n\n\n<p>A suspens\u00e3o das aulas das Rede Municipal de Ensino, cancelamento de eventos e a instala\u00e7\u00e3o de um Comit\u00ea de Crise para o Enfrentamento do V\u00edrus, s\u00e3o algumas das medidas que foram anunciadas na ter\u00e7a-feira (16), atrav\u00e9s do Decreto Municipal 004\/2020.<\/p>\n\n\n\n<p>Apesar de at\u00e9 o\nmomento n\u00e3o haver nenhum caso suspeito em Ouro Velho, o munic\u00edpio tamb\u00e9m est\u00e1\nadotando um plano de medidas coordenado pela Secretaria de Sa\u00fade com medidas\npreventivas mais restritivas.<\/p>\n\n\n\n<p>\u201cN\u00e3o existe motivo\npara p\u00e2nico, mas \u00e9 importante que a gente saia \u00e0 frente e adote essas medidas\npreventivas. Nossa cidade n\u00e3o possui nenhum caso suspeito e com essas a\u00e7\u00f5es,\nminimizamos a exposi\u00e7\u00e3o e as possibilidades de contra\u00e7\u00e3o do Covid-19\u201d, falou a\nprefeita.<\/p>\n\n\n\n<p><strong>CONFIRA ABAIXO O DECRETO ASSINADO PELA PREFEITA N\u00c1TALIA<\/strong><\/p>\n\n\n\n<figure class=\"wp-block-image size-large\"><img fetchpriority=\"high\" decoding=\"async\" width=\"710\" height=\"1024\" src=\"http:\/\/www.caririemacao.com\/1\/wp-content\/uploads\/2020\/03\/WhatsApp-Image-2020-03-17-at-18.25.57-710x1024.jpeg\" alt=\"\" class=\"wp-image-158513\" srcset=\"https:\/\/www.caririemacao.com\/1\/wp-content\/uploads\/2020\/03\/WhatsApp-Image-2020-03-17-at-18.25.57-710x1024.jpeg 710w, https:\/\/www.caririemacao.com\/1\/wp-content\/uploads\/2020\/03\/WhatsApp-Image-2020-03-17-at-18.25.57-208x300.jpeg 208w, https:\/\/www.caririemacao.com\/1\/wp-content\/uploads\/2020\/03\/WhatsApp-Image-2020-03-17-at-18.25.57-768x1107.jpeg 768w, https:\/\/www.caririemacao.com\/1\/wp-content\/uploads\/2020\/03\/WhatsApp-Image-2020-03-17-at-18.25.57.jpeg 888w\" sizes=\"(max-width: 710px) 100vw, 710px\" \/><\/figure>\n\n\n\n<figure class=\"wp-block-image size-large\"><img decoding=\"async\" width=\"710\" height=\"1024\" data-src=\"http:\/\/www.caririemacao.com\/1\/wp-content\/uploads\/2020\/03\/WhatsApp-Image-2020-03-17-at-18.25.58-710x1024.jpeg\" alt=\"\" class=\"wp-image-158514 lazyload\" data-srcset=\"https:\/\/www.caririemacao.com\/1\/wp-content\/uploads\/2020\/03\/WhatsApp-Image-2020-03-17-at-18.25.58-710x1024.jpeg 710w, https:\/\/www.caririemacao.com\/1\/wp-content\/uploads\/2020\/03\/WhatsApp-Image-2020-03-17-at-18.25.58-208x300.jpeg 208w, https:\/\/www.caririemacao.com\/1\/wp-content\/uploads\/2020\/03\/WhatsApp-Image-2020-03-17-at-18.25.58-768x1107.jpeg 768w, https:\/\/www.caririemacao.com\/1\/wp-content\/uploads\/2020\/03\/WhatsApp-Image-2020-03-17-at-18.25.58.jpeg 888w\" data-sizes=\"(max-width: 710px) 100vw, 710px\" src=\"data:image\/svg+xml;base64,PHN2ZyB3aWR0aD0iMSIgaGVpZ2h0PSIxIiB4bWxucz0iaHR0cDovL3d3dy53My5vcmcvMjAwMC9zdmciPjwvc3ZnPg==\" style=\"--smush-placeholder-width: 710px; --smush-placeholder-aspect-ratio: 710\/1024;\" \/><\/figure>\n\n\n\n<figure class=\"wp-block-image size-large\"><img decoding=\"async\" width=\"723\" height=\"1024\" data-src=\"http:\/\/www.caririemacao.com\/1\/wp-content\/uploads\/2020\/03\/WhatsApp-Image-2020-03-17-at-18.25.57-1-723x1024.jpeg\" alt=\"\" class=\"wp-image-158515 lazyload\" data-srcset=\"https:\/\/www.caririemacao.com\/1\/wp-content\/uploads\/2020\/03\/WhatsApp-Image-2020-03-17-at-18.25.57-1-723x1024.jpeg 723w, https:\/\/www.caririemacao.com\/1\/wp-content\/uploads\/2020\/03\/WhatsApp-Image-2020-03-17-at-18.25.57-1-212x300.jpeg 212w, https:\/\/www.caririemacao.com\/1\/wp-content\/uploads\/2020\/03\/WhatsApp-Image-2020-03-17-at-18.25.57-1-768x1087.jpeg 768w, https:\/\/www.caririemacao.com\/1\/wp-content\/uploads\/2020\/03\/WhatsApp-Image-2020-03-17-at-18.25.57-1.jpeg 904w\" data-sizes=\"(max-width: 723px) 100vw, 723px\" src=\"data:image\/svg+xml;base64,PHN2ZyB3aWR0aD0iMSIgaGVpZ2h0PSIxIiB4bWxucz0iaHR0cDovL3d3dy53My5vcmcvMjAwMC9zdmciPjwvc3ZnPg==\" style=\"--smush-placeholder-width: 723px; --smush-placeholder-aspect-ratio: 723\/1024;\" \/><\/figure>\n\n\n\n<figure class=\"wp-block-image size-large\"><img decoding=\"async\" width=\"717\" height=\"1024\" data-src=\"http:\/\/www.caririemacao.com\/1\/wp-content\/uploads\/2020\/03\/WhatsApp-Image-2020-03-17-at-18.25.56-717x1024.jpeg\" alt=\"\" class=\"wp-image-158516 lazyload\" data-srcset=\"https:\/\/www.caririemacao.com\/1\/wp-content\/uploads\/2020\/03\/WhatsApp-Image-2020-03-17-at-18.25.56-717x1024.jpeg 717w, https:\/\/www.caririemacao.com\/1\/wp-content\/uploads\/2020\/03\/WhatsApp-Image-2020-03-17-at-18.25.56-210x300.jpeg 210w, https:\/\/www.caririemacao.com\/1\/wp-content\/uploads\/2020\/03\/WhatsApp-Image-2020-03-17-at-18.25.56-768x1097.jpeg 768w, https:\/\/www.caririemacao.com\/1\/wp-content\/uploads\/2020\/03\/WhatsApp-Image-2020-03-17-at-18.25.56.jpeg 896w\" data-sizes=\"(max-width: 717px) 100vw, 717px\" src=\"data:image\/svg+xml;base64,PHN2ZyB3aWR0aD0iMSIgaGVpZ2h0PSIxIiB4bWxucz0iaHR0cDovL3d3dy53My5vcmcvMjAwMC9zdmciPjwvc3ZnPg==\" style=\"--smush-placeholder-width: 717px; --smush-placeholder-aspect-ratio: 717\/1024;\" \/><\/figure>\n","protected":false},"excerpt":{"rendered":"<p>Diante do crescimento de casos do coronav\u00edrus no Brasil, a prefeita Nat\u00e1lia de Dr. J\u00fanior decretou por um prazo de 90 dias algumas medidas preventivas&hellip; <\/p>\n","protected":false},"author":1,"featured_media":26330,"comment_status":"closed","ping_status":"closed","sticky":false,"template":"","format":"standard","meta":{"sfsi_plus_gutenberg_text_before_share":"","sfsi_plus_gutenberg_show_text_before_share":"","sfsi_plus_gutenberg_icon_type":"","sfsi_plus_gutenberg_icon_alignemt":"","sfsi_plus_gutenburg_max_per_row":"","footnotes":""},"categories":[6,50],"tags":[],"class_list":["post-158510","post","type-post","status-publish","format-standard","has-post-thumbnail","hentry","category-cidades","category-destaque"],"_links":{"self":[{"href":"https:\/\/www.caririemacao.com\/1\/wp-json\/wp\/v2\/posts\/158510","targetHints":{"allow":["GET"]}}],"collection":[{"href":"https:\/\/www.caririemacao.com\/1\/wp-json\/wp\/v2\/posts"}],"about":[{"href":"https:\/\/www.caririemacao.com\/1\/wp-json\/wp\/v2\/types\/post"}],"author":[{"embeddable":true,"href":"https:\/\/www.caririemacao.com\/1\/wp-json\/wp\/v2\/users\/1"}],"replies":[{"embeddable":true,"href":"https:\/\/www.caririemacao.com\/1\/wp-json\/wp\/v2\/comments?post=158510"}],"version-history":[{"count":1,"href":"https:\/\/www.caririemacao.com\/1\/wp-json\/wp\/v2\/posts\/158510\/revisions"}],"predecessor-version":[{"id":158518,"href":"https:\/\/www.caririemacao.com\/1\/wp-json\/wp\/v2\/posts\/158510\/revisions\/158518"}],"wp:featuredmedia":[{"embeddable":true,"href":"https:\/\/www.caririemacao.com\/1\/wp-json\/wp\/v2\/media\/26330"}],"wp:attachment":[{"href":"https:\/\/www.caririemacao.com\/1\/wp-json\/wp\/v2\/media?parent=158510"}],"wp:term":[{"taxonomy":"category","embeddable":true,"href":"https:\/\/www.caririemacao.com\/1\/wp-json\/wp\/v2\/categories?post=158510"},{"taxonomy":"post_tag","embeddable":true,"href":"https:\/\/www.caririemacao.com\/1\/wp-json\/wp\/v2\/tags?post=158510"}],"curies":[{"name":"wp","href":"https:\/\/api.w.org\/{rel}","templated":true}]}}