{"id":158522,"date":"2020-03-17T22:17:21","date_gmt":"2020-03-18T01:17:21","guid":{"rendered":"http:\/\/www.caririemacao.com\/1\/?p=158522"},"modified":"2020-03-17T22:17:22","modified_gmt":"2020-03-18T01:17:22","slug":"prefeitura-de-ouro-velho-antecipa-ferias-recesso-escolares-da-rede-municipal-de-ensino","status":"publish","type":"post","link":"https:\/\/www.caririemacao.com\/1\/2020\/03\/17\/prefeitura-de-ouro-velho-antecipa-ferias-recesso-escolares-da-rede-municipal-de-ensino\/","title":{"rendered":"Prefeitura de Ouro Velho antecipa f\u00e9rias\/recesso escolares da Rede Municipal de Ensino"},"content":{"rendered":"\n<p>A Prefeitura de Ouro Velho-PB atrav\u00e9s de decreto adota medidas para enfrentamento da emerg\u00eancia de sa\u00fade p\u00fablica de import\u00e2ncia internacional decorrente do novo coronav\u00edrus.<\/p>\n\n\n\n<p>No decreto inclui antecipa\u00e7\u00e3o\ndas f\u00e9rias\/recesso escolar de toda Rede P\u00fablica Municipal, para o per\u00edodo de\n19\/03\/2020 at\u00e9 18\/04\/2020.<\/p>\n\n\n\n<p>A prefeita Nat\u00e1lia\ndisse que a antecipa\u00e7\u00e3o das f\u00e9rias escolares, ser\u00e1 a partir de quinta-feira, dia\n19 de mar\u00e7o, pelos pr\u00f3ximos 30 dias. Caso necessite, ser\u00e1 feita uma avalia\u00e7\u00e3o a\nfim de que ver se h\u00e1 necessidade de se prorrogar por mais dias. \u201cAs escolas\np\u00fablicas v\u00e3o antecipar as f\u00e9rias para que evitemos o cont\u00e1gio r\u00e1pida do v\u00edrus\u201d,\nacrescentou a prefeita. <\/p>\n","protected":false},"excerpt":{"rendered":"<p>A Prefeitura de Ouro Velho-PB atrav\u00e9s de decreto adota medidas para enfrentamento da emerg\u00eancia de sa\u00fade p\u00fablica de import\u00e2ncia internacional decorrente do novo coronav\u00edrus. No&hellip; <\/p>\n","protected":false},"author":1,"featured_media":37605,"comment_status":"closed","ping_status":"closed","sticky":false,"template":"","format":"standard","meta":{"sfsi_plus_gutenberg_text_before_share":"","sfsi_plus_gutenberg_show_text_before_share":"","sfsi_plus_gutenberg_icon_type":"","sfsi_plus_gutenberg_icon_alignemt":"","sfsi_plus_gutenburg_max_per_row":"","footnotes":""},"categories":[50,2],"tags":[],"class_list":["post-158522","post","type-post","status-publish","format-standard","has-post-thumbnail","hentry","category-destaque","category-geral"],"_links":{"self":[{"href":"https:\/\/www.caririemacao.com\/1\/wp-json\/wp\/v2\/posts\/158522","targetHints":{"allow":["GET"]}}],"collection":[{"href":"https:\/\/www.caririemacao.com\/1\/wp-json\/wp\/v2\/posts"}],"about":[{"href":"https:\/\/www.caririemacao.com\/1\/wp-json\/wp\/v2\/types\/post"}],"author":[{"embeddable":true,"href":"https:\/\/www.caririemacao.com\/1\/wp-json\/wp\/v2\/users\/1"}],"replies":[{"embeddable":true,"href":"https:\/\/www.caririemacao.com\/1\/wp-json\/wp\/v2\/comments?post=158522"}],"version-history":[{"count":1,"href":"https:\/\/www.caririemacao.com\/1\/wp-json\/wp\/v2\/posts\/158522\/revisions"}],"predecessor-version":[{"id":158523,"href":"https:\/\/www.caririemacao.com\/1\/wp-json\/wp\/v2\/posts\/158522\/revisions\/158523"}],"wp:featuredmedia":[{"embeddable":true,"href":"https:\/\/www.caririemacao.com\/1\/wp-json\/wp\/v2\/media\/37605"}],"wp:attachment":[{"href":"https:\/\/www.caririemacao.com\/1\/wp-json\/wp\/v2\/media?parent=158522"}],"wp:term":[{"taxonomy":"category","embeddable":true,"href":"https:\/\/www.caririemacao.com\/1\/wp-json\/wp\/v2\/categories?post=158522"},{"taxonomy":"post_tag","embeddable":true,"href":"https:\/\/www.caririemacao.com\/1\/wp-json\/wp\/v2\/tags?post=158522"}],"curies":[{"name":"wp","href":"https:\/\/api.w.org\/{rel}","templated":true}]}}