{"id":158524,"date":"2020-03-17T22:22:04","date_gmt":"2020-03-18T01:22:04","guid":{"rendered":"http:\/\/www.caririemacao.com\/1\/?p=158524"},"modified":"2020-03-17T22:22:06","modified_gmt":"2020-03-18T01:22:06","slug":"ibge-processo-seletivo-e-suspenso-e-censo-demografico-e-adiado-para-2021","status":"publish","type":"post","link":"https:\/\/www.caririemacao.com\/1\/2020\/03\/17\/ibge-processo-seletivo-e-suspenso-e-censo-demografico-e-adiado-para-2021\/","title":{"rendered":"IBGE: Processo seletivo \u00e9 suspenso e Censo Demogr\u00e1fico \u00e9 adiado para 2021"},"content":{"rendered":"\n<p>Instituto Brasileiro de Geografia e Estat\u00edstica (<strong>IBGE<\/strong>) comunicou na noite desta ter\u00e7a-feira (17) o adiamento do Censo Demogr\u00e1fico que se iniciaria em abril deste ano. O Censo ocorrer\u00e1 em 2021. O motivo do adiamento \u00e9 o quadro de pandemia do&nbsp;<strong>coronav\u00edrus<\/strong>.<\/p>\n\n\n\n<p>Segundo o \u00f3rg\u00e3o, \u201ca decis\u00e3o leva em considera\u00e7\u00e3o a natureza de coleta da pesquisa, domiciliar e predominantemente presencial, com estimativa de visitas de mais de 180 mil recenseadores a cerca de 71 milh\u00f5es de domic\u00edlios em todo o territ\u00f3rio nacional\u201d.<\/p>\n\n\n\n<p>O IBGE tamb\u00e9m confirmou que o processo seletivo para contrata\u00e7\u00e3o de recenseadores e supervisores est\u00e1 suspenso. Candidatos que j\u00e1 efetuaram pagamento de inscri\u00e7\u00e3o ser\u00e3o reembolsados conforme orienta\u00e7\u00f5es a serem publicadas nos pr\u00f3ximos dias.<\/p>\n\n\n\n<p>Leia o comunicado:<\/p>\n\n\n\n<p><em><strong>\u2018Comunicado do IBGE<\/strong><\/em><\/p>\n\n\n\n<p><em>Em fun\u00e7\u00e3o das orienta\u00e7\u00f5es do Minist\u00e9rio da Sa\u00fade relacionadas ao quadro de emerg\u00eancia de sa\u00fade p\u00fablica causado pelo COVID-19, o IBGE decidiu adiar a realiza\u00e7\u00e3o do Censo Demogr\u00e1fico para 2021.<\/em><\/p>\n\n\n\n<p><em>A decis\u00e3o leva em considera\u00e7\u00e3o a natureza de coleta da pesquisa, domiciliar e predominantemente presencial, com estimativa de visitas de mais de 180 mil recenseadores a cerca de 71 milh\u00f5es de domic\u00edlios em todo o territ\u00f3rio nacional.<\/em><\/p>\n\n\n\n<p><em>&nbsp;Considera, do mesmo modo, a impossibilidade de realiza\u00e7\u00e3o, em tempo h\u00e1bil, de toda a cadeia de treinamentos para a opera\u00e7\u00e3o censit\u00e1ria, cuja primeira etapa se iniciaria em abril de 2020, de forma centralizada, e posteriormente replicada em polos regionais e locais at\u00e9 o m\u00eas de julho.<\/em><\/p>\n\n\n\n<p><em>Para a realiza\u00e7\u00e3o da opera\u00e7\u00e3o censit\u00e1ria em 2021, o IBGE estabeleceu formalmente com o Minist\u00e9rio da Sa\u00fade o compromisso de realocar o or\u00e7amento do Censo 2020 em prol das a\u00e7\u00f5es de enfrentamento ao coronav\u00edrus, mantidas por aquele Minist\u00e9rio. Em contrapartida, no pr\u00f3ximo ano, o Minist\u00e9rio da Sa\u00fade realocar\u00e1 or\u00e7amento no mesmo montante com vistas a assegurar a realiza\u00e7\u00e3o do Censo pelo IBGE.<\/em><\/p>\n\n\n\n<p><em>De modo a contemplar a data de refer\u00eancia dos \u00faltimos Censos realizados no Brasil, o pr\u00f3ximo Censo Demogr\u00e1fico ter\u00e1 como data de refer\u00eancia o dia 31 de julho de 2021, com coleta de dados prevista entre 1\u00ba de agosto e 31 de outubro de 2021.<\/em><\/p>\n\n\n\n<p><em>O processo seletivo para contrata\u00e7\u00e3o de recenseadores e supervisores est\u00e1 suspenso. Candidatos que j\u00e1 efetuaram pagamento de inscri\u00e7\u00e3o ser\u00e3o reembolsados conforme orienta\u00e7\u00f5es a serem publicadas nos pr\u00f3ximos dias.\u2019<\/em><\/p>\n\n\n\n<p>Da Reda\u00e7\u00e3o \/ Portal WSCOM<\/p>\n","protected":false},"excerpt":{"rendered":"<p>Instituto Brasileiro de Geografia e Estat\u00edstica (IBGE) comunicou na noite desta ter\u00e7a-feira (17) o adiamento do Censo Demogr\u00e1fico que se iniciaria em abril deste ano.&hellip; <\/p>\n","protected":false},"author":1,"featured_media":158525,"comment_status":"closed","ping_status":"closed","sticky":false,"template":"","format":"standard","meta":{"sfsi_plus_gutenberg_text_before_share":"","sfsi_plus_gutenberg_show_text_before_share":"","sfsi_plus_gutenberg_icon_type":"","sfsi_plus_gutenberg_icon_alignemt":"","sfsi_plus_gutenburg_max_per_row":"","footnotes":""},"categories":[6,50],"tags":[],"class_list":["post-158524","post","type-post","status-publish","format-standard","has-post-thumbnail","hentry","category-cidades","category-destaque"],"_links":{"self":[{"href":"https:\/\/www.caririemacao.com\/1\/wp-json\/wp\/v2\/posts\/158524","targetHints":{"allow":["GET"]}}],"collection":[{"href":"https:\/\/www.caririemacao.com\/1\/wp-json\/wp\/v2\/posts"}],"about":[{"href":"https:\/\/www.caririemacao.com\/1\/wp-json\/wp\/v2\/types\/post"}],"author":[{"embeddable":true,"href":"https:\/\/www.caririemacao.com\/1\/wp-json\/wp\/v2\/users\/1"}],"replies":[{"embeddable":true,"href":"https:\/\/www.caririemacao.com\/1\/wp-json\/wp\/v2\/comments?post=158524"}],"version-history":[{"count":1,"href":"https:\/\/www.caririemacao.com\/1\/wp-json\/wp\/v2\/posts\/158524\/revisions"}],"predecessor-version":[{"id":158526,"href":"https:\/\/www.caririemacao.com\/1\/wp-json\/wp\/v2\/posts\/158524\/revisions\/158526"}],"wp:featuredmedia":[{"embeddable":true,"href":"https:\/\/www.caririemacao.com\/1\/wp-json\/wp\/v2\/media\/158525"}],"wp:attachment":[{"href":"https:\/\/www.caririemacao.com\/1\/wp-json\/wp\/v2\/media?parent=158524"}],"wp:term":[{"taxonomy":"category","embeddable":true,"href":"https:\/\/www.caririemacao.com\/1\/wp-json\/wp\/v2\/categories?post=158524"},{"taxonomy":"post_tag","embeddable":true,"href":"https:\/\/www.caririemacao.com\/1\/wp-json\/wp\/v2\/tags?post=158524"}],"curies":[{"name":"wp","href":"https:\/\/api.w.org\/{rel}","templated":true}]}}