{"id":158530,"date":"2020-03-18T06:03:12","date_gmt":"2020-03-18T09:03:12","guid":{"rendered":"http:\/\/www.caririemacao.com\/1\/?p=158530"},"modified":"2020-03-18T06:03:14","modified_gmt":"2020-03-18T09:03:14","slug":"apos-as-chuvas-acude-de-sume-esta-com-1162-de-sua-capacidade","status":"publish","type":"post","link":"https:\/\/www.caririemacao.com\/1\/2020\/03\/18\/apos-as-chuvas-acude-de-sume-esta-com-1162-de-sua-capacidade\/","title":{"rendered":"Ap\u00f3s as chuvas, a\u00e7ude de Sum\u00e9 est\u00e1 com 11,62% de sua capacidade"},"content":{"rendered":"\n<p>No dia 29 de fevereiro, o a\u00e7ude de Sum\u00e9 estava com 686.460,00 de metros c\u00fabicos de \u00e1gua, ou seja, 1,43% da capacidade. Ap\u00f3s as chuvas registradas nos primeiros 17 dias de mar\u00e7o, o manancial registrou nesta ter\u00e7a-feira, 5.211, 785 milh\u00f5es de metros c\u00fabicos, subindo para 11,62% de sua capacidade.<\/p>\n\n\n\n<p>O a\u00e7ude de Sum\u00e9 tem uma capacidade total de 44 milh\u00f5es de metros c\u00fabicos de \u00e1gua.<\/p>\n\n\n\n<p><strong><em>Not\u00edcias em Destaque<\/em><\/strong><\/p>\n","protected":false},"excerpt":{"rendered":"<p>No dia 29 de fevereiro, o a\u00e7ude de Sum\u00e9 estava com 686.460,00 de metros c\u00fabicos de \u00e1gua, ou seja, 1,43% da capacidade. Ap\u00f3s as chuvas&hellip; <\/p>\n","protected":false},"author":2,"featured_media":158538,"comment_status":"closed","ping_status":"closed","sticky":false,"template":"","format":"standard","meta":{"sfsi_plus_gutenberg_text_before_share":"","sfsi_plus_gutenberg_show_text_before_share":"","sfsi_plus_gutenberg_icon_type":"","sfsi_plus_gutenberg_icon_alignemt":"","sfsi_plus_gutenburg_max_per_row":"","footnotes":""},"categories":[6,50],"tags":[],"class_list":["post-158530","post","type-post","status-publish","format-standard","has-post-thumbnail","hentry","category-cidades","category-destaque"],"_links":{"self":[{"href":"https:\/\/www.caririemacao.com\/1\/wp-json\/wp\/v2\/posts\/158530","targetHints":{"allow":["GET"]}}],"collection":[{"href":"https:\/\/www.caririemacao.com\/1\/wp-json\/wp\/v2\/posts"}],"about":[{"href":"https:\/\/www.caririemacao.com\/1\/wp-json\/wp\/v2\/types\/post"}],"author":[{"embeddable":true,"href":"https:\/\/www.caririemacao.com\/1\/wp-json\/wp\/v2\/users\/2"}],"replies":[{"embeddable":true,"href":"https:\/\/www.caririemacao.com\/1\/wp-json\/wp\/v2\/comments?post=158530"}],"version-history":[{"count":1,"href":"https:\/\/www.caririemacao.com\/1\/wp-json\/wp\/v2\/posts\/158530\/revisions"}],"predecessor-version":[{"id":158539,"href":"https:\/\/www.caririemacao.com\/1\/wp-json\/wp\/v2\/posts\/158530\/revisions\/158539"}],"wp:featuredmedia":[{"embeddable":true,"href":"https:\/\/www.caririemacao.com\/1\/wp-json\/wp\/v2\/media\/158538"}],"wp:attachment":[{"href":"https:\/\/www.caririemacao.com\/1\/wp-json\/wp\/v2\/media?parent=158530"}],"wp:term":[{"taxonomy":"category","embeddable":true,"href":"https:\/\/www.caririemacao.com\/1\/wp-json\/wp\/v2\/categories?post=158530"},{"taxonomy":"post_tag","embeddable":true,"href":"https:\/\/www.caririemacao.com\/1\/wp-json\/wp\/v2\/tags?post=158530"}],"curies":[{"name":"wp","href":"https:\/\/api.w.org\/{rel}","templated":true}]}}