{"id":158531,"date":"2020-03-18T04:28:47","date_gmt":"2020-03-18T07:28:47","guid":{"rendered":"http:\/\/www.caririemacao.com\/1\/?p=158531"},"modified":"2020-03-18T04:28:48","modified_gmt":"2020-03-18T07:28:48","slug":"em-acao-rapida-policia-militar-recupera-caminhao-tomado-por-assalto-no-cariri","status":"publish","type":"post","link":"https:\/\/www.caririemacao.com\/1\/2020\/03\/18\/em-acao-rapida-policia-militar-recupera-caminhao-tomado-por-assalto-no-cariri\/","title":{"rendered":"Em a\u00e7\u00e3o r\u00e1pida, Pol\u00edcia Militar recupera caminh\u00e3o tomado por assalto no Cariri"},"content":{"rendered":"\n<p>Por volta das 17h00min do dia 17 de mar\u00e7o de 2020, assaltantes interceptaram um ve\u00edculo Ba\u00fa Mercedes-Benz na PB 215, nas proximidades da entrada do Distrito de Pindur\u00e3o, em seguida levaram o caminh\u00e3o e os motoristas para a estrada ao qual d\u00e1 acesso ao Distrito de Barreiras  (Cara\u00fabas), a fim de retirar a carga roubada e colocar em outro ve\u00edculo.<\/p>\n\n\n\n<p>Ap\u00f3s uma a\u00e7\u00e3o r\u00e1pida dos policiais pertencentes ao 11\u00ba Batalh\u00e3o de Pol\u00edcia Militar da Para\u00edba em conjunto com a Pol\u00edcia Militar de Pernambuco \u00e9 da Guarda Civil de Jata\u00faba, localizaram o ve\u00edculo roubado, por\u00e9m os suspeitos reagiram \u00e0 aproxima\u00e7\u00e3o com disparos e a pol\u00edcia revidou. Ap\u00f3s troca de tiros com a Pol\u00edcia, eles abandonaram o ve\u00edculo e foragiram para a \u00e1rea de vegeta\u00e7\u00e3o fechada.<\/p>\n\n\n\n<p>A pol\u00edcia encaminhou o ve\u00edculo roubado e os outros dois ve\u00edculos usados pelos assaltantes para a Delegacia de Pol\u00edcia de Sum\u00e9, a fim de serem tomadas as medidas cab\u00edveis.<\/p>\n\n\n\n<p><em>VE\u00cdCULO ROUBADO<\/em><\/p>\n\n\n\n<ul class=\"wp-block-list\"><li>Caminh\u00e3o Ba\u00fa Mercedes-Benz Accelo 815, cor azul, placas OKB 6591 de Caic\u00f3 \u2013 RN (carga de roupas e material de cama)<\/li><\/ul>\n\n\n\n<p><em>VE\u00cdCULOS USADOS PELOS SUSPEITOS<\/em><\/p>\n\n\n\n<ul class=\"wp-block-list\"><li>Ford F-4000 G, cor: Prata, placas: OFA-2560 de Campina Grande \u2013 PB<\/li><li>Fiat Uno 1.0 Way,  cor: Bege, placas NNR 9685 de Natal &#8211; RN<\/li><\/ul>\n\n\n\n<p>As buscas pelos suspeitos na mata continuaram durante a madrugada.<\/p>\n\n\n\n<p><em>MAJOR QOC SAMARONI<\/em><br>\nCMT 11\u00b0 BPM<\/p>\n\n\n\n<p><em>MAJOR QOC BRUNO<\/em><br>\nSUB CMT 11\u00b0 BPM<\/p>\n\n\n\n<p><em>P\/5<\/em><br>\nSe\u00e7\u00e3o de Comunica\u00e7\u00e3o Social e Marketing Institucional &#8211; 11\u00ba BPM<\/p>\n","protected":false},"excerpt":{"rendered":"<p>Por volta das 17h00min do dia 17 de mar\u00e7o de 2020, assaltantes interceptaram um ve\u00edculo Ba\u00fa Mercedes-Benz na PB 215, nas proximidades da entrada do&hellip; <\/p>\n","protected":false},"author":2,"featured_media":158532,"comment_status":"closed","ping_status":"closed","sticky":false,"template":"","format":"standard","meta":{"sfsi_plus_gutenberg_text_before_share":"","sfsi_plus_gutenberg_show_text_before_share":"","sfsi_plus_gutenberg_icon_type":"","sfsi_plus_gutenberg_icon_alignemt":"","sfsi_plus_gutenburg_max_per_row":"","footnotes":""},"categories":[50,12],"tags":[],"class_list":["post-158531","post","type-post","status-publish","format-standard","has-post-thumbnail","hentry","category-destaque","category-policia"],"_links":{"self":[{"href":"https:\/\/www.caririemacao.com\/1\/wp-json\/wp\/v2\/posts\/158531","targetHints":{"allow":["GET"]}}],"collection":[{"href":"https:\/\/www.caririemacao.com\/1\/wp-json\/wp\/v2\/posts"}],"about":[{"href":"https:\/\/www.caririemacao.com\/1\/wp-json\/wp\/v2\/types\/post"}],"author":[{"embeddable":true,"href":"https:\/\/www.caririemacao.com\/1\/wp-json\/wp\/v2\/users\/2"}],"replies":[{"embeddable":true,"href":"https:\/\/www.caririemacao.com\/1\/wp-json\/wp\/v2\/comments?post=158531"}],"version-history":[{"count":1,"href":"https:\/\/www.caririemacao.com\/1\/wp-json\/wp\/v2\/posts\/158531\/revisions"}],"predecessor-version":[{"id":158533,"href":"https:\/\/www.caririemacao.com\/1\/wp-json\/wp\/v2\/posts\/158531\/revisions\/158533"}],"wp:featuredmedia":[{"embeddable":true,"href":"https:\/\/www.caririemacao.com\/1\/wp-json\/wp\/v2\/media\/158532"}],"wp:attachment":[{"href":"https:\/\/www.caririemacao.com\/1\/wp-json\/wp\/v2\/media?parent=158531"}],"wp:term":[{"taxonomy":"category","embeddable":true,"href":"https:\/\/www.caririemacao.com\/1\/wp-json\/wp\/v2\/categories?post=158531"},{"taxonomy":"post_tag","embeddable":true,"href":"https:\/\/www.caririemacao.com\/1\/wp-json\/wp\/v2\/tags?post=158531"}],"curies":[{"name":"wp","href":"https:\/\/api.w.org\/{rel}","templated":true}]}}