{"id":158549,"date":"2020-03-18T07:33:44","date_gmt":"2020-03-18T10:33:44","guid":{"rendered":"http:\/\/www.caririemacao.com\/1\/?p=158549"},"modified":"2020-03-18T07:33:46","modified_gmt":"2020-03-18T10:33:46","slug":"ciclista-morre-apos-acidente","status":"publish","type":"post","link":"https:\/\/www.caririemacao.com\/1\/2020\/03\/18\/ciclista-morre-apos-acidente\/","title":{"rendered":"Ciclista morre ap\u00f3s acidente"},"content":{"rendered":"\n<p>Um homem de 46 anos morreu ap\u00f3s um acidente em um trecho da BR-104, no munic\u00edpio de S\u00e3o Sebasti\u00e3o de Lagoa de Ro\u00e7a, no Agreste da Para\u00edba. De acordo com a Pol\u00edcia Rodovi\u00e1ria Federal (PRF), a v\u00edtima estava em uma bicicleta. O acidente aconteceu no quil\u00f4metro 116.<\/p>\n\n\n\n<p>Segundo a pol\u00edcia, a principal suspeita \u00e9 de que o ciclista tenha perdido o controle da bicicleta ao passar por um morro de areia enquanto descia uma ladeira na rodovia. Depois disso, ele teria invadido a pista e batido de frente com o carro que trafegava no sentido oposto.<\/p>\n\n\n\n<p>Conforme a PRF, o carro envolvido no acidente presta servi\u00e7os \u00e0 Prefeitura de Esperan\u00e7a, no Agreste. A v\u00edtima, Eduardo Ata\u00edde Frutuoso, morava em Alagoa Nova, n\u00e3o resistiu aos ferimentos e morreu no local. \u00c0 TV Para\u00edba, amigos informaram que ele gostava de praticar ciclismo diariamente.<\/p>\n\n\n\n<p>G1 PB<\/p>\n","protected":false},"excerpt":{"rendered":"<p>Um homem de 46 anos morreu ap\u00f3s um acidente em um trecho da BR-104, no munic\u00edpio de S\u00e3o Sebasti\u00e3o de Lagoa de Ro\u00e7a, no Agreste&hellip; <\/p>\n","protected":false},"author":2,"featured_media":158550,"comment_status":"closed","ping_status":"closed","sticky":false,"template":"","format":"standard","meta":{"sfsi_plus_gutenberg_text_before_share":"","sfsi_plus_gutenberg_show_text_before_share":"","sfsi_plus_gutenberg_icon_type":"","sfsi_plus_gutenberg_icon_alignemt":"","sfsi_plus_gutenburg_max_per_row":"","footnotes":""},"categories":[12],"tags":[],"class_list":["post-158549","post","type-post","status-publish","format-standard","has-post-thumbnail","hentry","category-policia"],"_links":{"self":[{"href":"https:\/\/www.caririemacao.com\/1\/wp-json\/wp\/v2\/posts\/158549","targetHints":{"allow":["GET"]}}],"collection":[{"href":"https:\/\/www.caririemacao.com\/1\/wp-json\/wp\/v2\/posts"}],"about":[{"href":"https:\/\/www.caririemacao.com\/1\/wp-json\/wp\/v2\/types\/post"}],"author":[{"embeddable":true,"href":"https:\/\/www.caririemacao.com\/1\/wp-json\/wp\/v2\/users\/2"}],"replies":[{"embeddable":true,"href":"https:\/\/www.caririemacao.com\/1\/wp-json\/wp\/v2\/comments?post=158549"}],"version-history":[{"count":1,"href":"https:\/\/www.caririemacao.com\/1\/wp-json\/wp\/v2\/posts\/158549\/revisions"}],"predecessor-version":[{"id":158551,"href":"https:\/\/www.caririemacao.com\/1\/wp-json\/wp\/v2\/posts\/158549\/revisions\/158551"}],"wp:featuredmedia":[{"embeddable":true,"href":"https:\/\/www.caririemacao.com\/1\/wp-json\/wp\/v2\/media\/158550"}],"wp:attachment":[{"href":"https:\/\/www.caririemacao.com\/1\/wp-json\/wp\/v2\/media?parent=158549"}],"wp:term":[{"taxonomy":"category","embeddable":true,"href":"https:\/\/www.caririemacao.com\/1\/wp-json\/wp\/v2\/categories?post=158549"},{"taxonomy":"post_tag","embeddable":true,"href":"https:\/\/www.caririemacao.com\/1\/wp-json\/wp\/v2\/tags?post=158549"}],"curies":[{"name":"wp","href":"https:\/\/api.w.org\/{rel}","templated":true}]}}