{"id":158559,"date":"2020-03-18T07:38:38","date_gmt":"2020-03-18T10:38:38","guid":{"rendered":"http:\/\/www.caririemacao.com\/1\/?p=158559"},"modified":"2020-03-18T09:06:45","modified_gmt":"2020-03-18T12:06:45","slug":"reitoria-da-ufcg-e-ifpb-suspendem-aulas-no-ate-dia-12-de-abril-para-enfrentamento-do-coronavirus","status":"publish","type":"post","link":"https:\/\/www.caririemacao.com\/1\/2020\/03\/18\/reitoria-da-ufcg-e-ifpb-suspendem-aulas-no-ate-dia-12-de-abril-para-enfrentamento-do-coronavirus\/","title":{"rendered":"Reitoria da UFCG e IFPB suspendem aulas no at\u00e9 dia 12 de abril para enfrentamento do Coronav\u00edrus"},"content":{"rendered":"\n<p>O reitor do Instituto Federal da Para\u00edba, professor Nic\u00e1cio Lopes, acaba de anunciar a suspens\u00e3o imediata das aulas no IFPB.<\/p>\n\n\n\n<p>Essa decis\u00e3o decorreu de recomenda\u00e7\u00e3o do Comit\u00ea Gestor de Crise, instalado na institui\u00e7\u00e3o visando o enfrentamento do Coronav\u00edrus, e foi homologada pelo Col\u00e9gio de Dirigentes (CODIR), na manh\u00e3 desta ter\u00e7a-feira (17).<\/p>\n\n\n\n<p>Segundo nota da reitoria, a medida vale de hoje (17) at\u00e9 o dia 12 de abril e inclui todos os campi da Institui\u00e7\u00e3o. O Col\u00e9gio de Dirigentes continua em reuni\u00e3o durante todo o dia e deve orientar sobre os demais servi\u00e7os e procedimentos a serem adotados para as outras atividades.<\/p>\n\n\n\n<p>A Reitoria, Col\u00e9gio de Dirigentes e Comit\u00ea Gestor de Crise divulgar\u00e3o tamb\u00e9m instru\u00e7\u00f5es para a Comunidade Acad\u00eamica com as orienta\u00e7\u00f5es de ensino e refor\u00e7o das a\u00e7\u00f5es preventivas contra o coronav\u00edrus, seguindo diretrizes do Minist\u00e9rio da Sa\u00fade.<\/p>\n\n\n\n<div class=\"wp-block-image\"><figure class=\"alignright\"><img decoding=\"async\" data-src=\"https:\/\/i0.wp.com\/www.vitrinedocariri.com.br\/wp-content\/uploads\/2018\/02\/cdsa-2.jpg?resize=300%2C225&amp;ssl=1\" alt=\"\" class=\"wp-image-6247 lazyload\" src=\"data:image\/svg+xml;base64,PHN2ZyB3aWR0aD0iMSIgaGVpZ2h0PSIxIiB4bWxucz0iaHR0cDovL3d3dy53My5vcmcvMjAwMC9zdmciPjwvc3ZnPg==\" \/><\/figure><\/div>\n\n\n\n<p><\/p>\n\n\n\n<p><strong>UFCG<\/strong><\/p>\n\n\n\n<p>UFCG anuncia suspens\u00e3o das aulas e outras atividades presenciais<br>Retorno das atividades est\u00e1 previsto para o dia 12 de abril<\/p>\n\n\n\n<p>Considerando a situa\u00e7\u00e3o de emerg\u00eancia de sa\u00fade p\u00fablica causada pelo novo coronav\u00edrus, a Universidade Federal de Campina Grande (UFCG) resolveu, em reuni\u00e3o realizada na manh\u00e3 desta ter\u00e7a-feira, 17, suspender as aulas e outras atividades acad\u00eamicas presenciais a partir desta quarta-feira, 18, at\u00e9 o dia 12 de abril. Uma portaria regulamentando esta e outras medidas ser\u00e1 publicada, bem como um protocolo com as determina\u00e7\u00f5es administrativas.<\/p>\n\n\n\n<p>Est\u00e3o preservados os servi\u00e7os considerados essenciais ou estrat\u00e9gicos, como protocolos, telefonia, seguran\u00e7a patrimonial, sistema de bibliotecas e SIASS. A jornada de trabalho dos servidores t\u00e9cnicos-administrativos, em turnos alternados de revezamento ou trabalho remoto, ser\u00e1 estabelecida a crit\u00e9rio da chefia imediata.<\/p>\n\n\n\n<p>Ser\u00e3o mantidas as defesas de disserta\u00e7\u00e3o e teses agendadas neste per\u00edodo, assim como est\u00e3o preservados os servi\u00e7os considerados essenciais ou estrat\u00e9gicos, como protocolos, telefonia, seguran\u00e7a patrimonial, sistema de bibliotecas e SIASS. A jornada de trabalho dos servidores t\u00e9cnicos-administrativos, em turnos alternados de revezamento ou trabalho remoto, ser\u00e1 estabelecida a crit\u00e9rio da chefia imediata.<\/p>\n\n\n\n<p>Est\u00e3o desobrigadas de trabalho presencial as pessoas com suspeita ou confirma\u00e7\u00e3o de doen\u00e7a pelo coronav\u00edrus ou consideradas vulner\u00e1veis: idosos a partir de 60 anos, imunodeficientes ou com doen\u00e7as preexistentes cr\u00f4nicas ou graves, e respons\u00e1veis pelo cuidado de uma ou mais pessoas com suspeita ou confirma\u00e7\u00e3o de diagn\u00f3stico de infec\u00e7\u00e3o por Covid-19.<\/p>\n\n\n\n<p>Lideran\u00e7as acad\u00eamicas<br>A decis\u00e3o de suspender as aulas considera a condi\u00e7\u00e3o de pandemia anunciada pela Organiza\u00e7\u00e3o Mundial da Sa\u00fade (OMS) e a situa\u00e7\u00e3o de emerg\u00eancia decretada pelo Governo do Estado. Foi tomada de forma conjunta pelos reitores Vicem\u00e1rio Sim\u00f5es, da UFCG, Rangel J\u00fanior, da Universidade Estadual da Para\u00edba (UEPB), e Ana Cristina Alves, do Instituto Federal da Para\u00edba (IFPB), al\u00e9m dos gestores Tatiane Lima, da Unesc; Dalton Gadelha, da Unifacisa; Cilene Andrade, da Uninassau; Wellington Santos, do CEAS; L\u00eanio Assis de Barros, da Faculdade Cesrei; e Jeannine N\u00f3brega, da Faculdade Rebou\u00e7as. Juntas, as institui\u00e7\u00f5es sediadas em Campina Grande re\u00fanem cerca de 45 mil estudantes universit\u00e1rios.<\/p>\n\n\n\n<p>Em nova reuni\u00e3o, marcada para o dia 3 de abril, o cen\u00e1rio ser\u00e1 reavaliado para verificar a possibilidade de antecipa\u00e7\u00e3o ou prorroga\u00e7\u00e3o do retorno das atividades, de acordo com o quadro em sa\u00fade p\u00fablica no Brasil e no Estado da Para\u00edba, e com as recomenda\u00e7\u00f5es dos \u00f3rg\u00e3os de Sa\u00fade e Vigil\u00e2ncia Sanit\u00e1ria.<\/p>\n\n\n\n<p>Casos na Para\u00edba<br>At\u00e9 o in\u00edcio da manh\u00e3 desta ter\u00e7a-feira, 17, conforme relat\u00f3rio publicado pelo Minist\u00e9rio da Sa\u00fade, a Para\u00edba havia notificado 64 casos suspeitos do novo coronav\u00edrus, dos quais 16 foram descartados, permanecendo 48 casos sob investiga\u00e7\u00e3o. O estado permanece ainda sem nenhum caso confirmado.<\/p>\n","protected":false},"excerpt":{"rendered":"<p>O reitor do Instituto Federal da Para\u00edba, professor Nic\u00e1cio Lopes, acaba de anunciar a suspens\u00e3o imediata das aulas no IFPB. Essa decis\u00e3o decorreu de recomenda\u00e7\u00e3o&hellip; <\/p>\n","protected":false},"author":2,"featured_media":158206,"comment_status":"closed","ping_status":"closed","sticky":false,"template":"","format":"standard","meta":{"sfsi_plus_gutenberg_text_before_share":"","sfsi_plus_gutenberg_show_text_before_share":"","sfsi_plus_gutenberg_icon_type":"","sfsi_plus_gutenberg_icon_alignemt":"","sfsi_plus_gutenburg_max_per_row":"","footnotes":""},"categories":[14],"tags":[],"class_list":["post-158559","post","type-post","status-publish","format-standard","has-post-thumbnail","hentry","category-educacao"],"_links":{"self":[{"href":"https:\/\/www.caririemacao.com\/1\/wp-json\/wp\/v2\/posts\/158559","targetHints":{"allow":["GET"]}}],"collection":[{"href":"https:\/\/www.caririemacao.com\/1\/wp-json\/wp\/v2\/posts"}],"about":[{"href":"https:\/\/www.caririemacao.com\/1\/wp-json\/wp\/v2\/types\/post"}],"author":[{"embeddable":true,"href":"https:\/\/www.caririemacao.com\/1\/wp-json\/wp\/v2\/users\/2"}],"replies":[{"embeddable":true,"href":"https:\/\/www.caririemacao.com\/1\/wp-json\/wp\/v2\/comments?post=158559"}],"version-history":[{"count":3,"href":"https:\/\/www.caririemacao.com\/1\/wp-json\/wp\/v2\/posts\/158559\/revisions"}],"predecessor-version":[{"id":158638,"href":"https:\/\/www.caririemacao.com\/1\/wp-json\/wp\/v2\/posts\/158559\/revisions\/158638"}],"wp:featuredmedia":[{"embeddable":true,"href":"https:\/\/www.caririemacao.com\/1\/wp-json\/wp\/v2\/media\/158206"}],"wp:attachment":[{"href":"https:\/\/www.caririemacao.com\/1\/wp-json\/wp\/v2\/media?parent=158559"}],"wp:term":[{"taxonomy":"category","embeddable":true,"href":"https:\/\/www.caririemacao.com\/1\/wp-json\/wp\/v2\/categories?post=158559"},{"taxonomy":"post_tag","embeddable":true,"href":"https:\/\/www.caririemacao.com\/1\/wp-json\/wp\/v2\/tags?post=158559"}],"curies":[{"name":"wp","href":"https:\/\/api.w.org\/{rel}","templated":true}]}}