{"id":158569,"date":"2020-03-18T07:41:40","date_gmt":"2020-03-18T10:41:40","guid":{"rendered":"http:\/\/www.caririemacao.com\/1\/?p=158569"},"modified":"2020-03-18T07:41:42","modified_gmt":"2020-03-18T10:41:42","slug":"em-monteiro-montran-implanta-sinalizacao-vertical-de-advertencia-em-areas-escolares","status":"publish","type":"post","link":"https:\/\/www.caririemacao.com\/1\/2020\/03\/18\/em-monteiro-montran-implanta-sinalizacao-vertical-de-advertencia-em-areas-escolares\/","title":{"rendered":"Em Monteiro: MONTRAN implanta sinaliza\u00e7\u00e3o vertical de advert\u00eancia em \u00e1reas escolares"},"content":{"rendered":"\n<p>A Superintend\u00eancia de Tr\u00e2nsito e Transportes de Monteiro \u2013 MONTRAN, deu in\u00edcio no \u00faltimo dia 10 de mar\u00e7o, a implanta\u00e7\u00e3o da sinaliza\u00e7\u00e3o vertical de advert\u00eancia nas \u00e1reas escolares do munic\u00edpio, atendendo as escolas da rede municipal, estadual e particular, localizadas no per\u00edmetro urbano.<\/p>\n\n\n\n<p>Com o intuito de chamar a aten\u00e7\u00e3o dos condutores e pedestres para essas \u00e1reas, onde se deve trafegar com aten\u00e7\u00e3o redobrada, as sinaliza\u00e7\u00f5es verticais de advert\u00eancia devem ser utilizadas sempre que o perigo n\u00e3o se evidencie por si s\u00f3. Desta forma tanto o condutor como o pedestre, dever\u00e3o transitar de forma segura pelas \u00e1reas sinalizadas.<\/p>\n\n\n\n<div class=\"wp-block-image\"><figure class=\"alignleft\"><img decoding=\"async\" data-src=\"https:\/\/i1.wp.com\/www.vitrinedocariri.com.br\/wp-content\/uploads\/2020\/03\/Em-Monteiro-MONTRAN-implanta-sinaliza%C3%A7%C3%A3o-vertical-de-advert%C3%AAncia-em-%C3%A1reas-escolares-6.jpeg?resize=300%2C169&amp;ssl=1\" alt=\"\" class=\"wp-image-66438 lazyload\" src=\"data:image\/svg+xml;base64,PHN2ZyB3aWR0aD0iMSIgaGVpZ2h0PSIxIiB4bWxucz0iaHR0cDovL3d3dy53My5vcmcvMjAwMC9zdmciPjwvc3ZnPg==\" \/><\/figure><\/div>\n\n\n\n<p>De acordo com o superintendente da MONTRAN, Valdecy Silva, est\u00e3o sendo implantadas sinaliza\u00e7\u00f5es de advert\u00eancia em todas as escolas da zona urbana do munic\u00edpio, como exemplos podem ser citadas as escolas: Maria do Socorro Arag\u00e3o, Tiradentes, CEI Napole\u00e3o Santa Cruz Neto, FACEC, Maria Lauric\u00e9ia de Freitas, Jansen Filho, Escola Monteiro Lobato; as estaduais: Miguel Santa Cruz e Jo\u00e3o de Oliveira. J\u00e1 com sinaliza\u00e7\u00e3o presente, em andamento est\u00e3o a Creche Francisca Mineiro, Col\u00e9gio Instituto Jos\u00e9 Pereira e a Escola de Idiomas EASY, que tamb\u00e9m receber\u00e3o muito em breve a sinaliza\u00e7\u00e3o.<\/p>\n\n\n\n<div class=\"wp-block-image\"><figure class=\"alignleft\"><img decoding=\"async\" data-src=\"https:\/\/i0.wp.com\/www.vitrinedocariri.com.br\/wp-content\/uploads\/2020\/03\/Em-Monteiro-MONTRAN-implanta-sinaliza%C3%A7%C3%A3o-vertical-de-advert%C3%AAncia-em-%C3%A1reas-escolares-10.jpeg?resize=300%2C169&amp;ssl=1\" alt=\"\" class=\"wp-image-66439 lazyload\" src=\"data:image\/svg+xml;base64,PHN2ZyB3aWR0aD0iMSIgaGVpZ2h0PSIxIiB4bWxucz0iaHR0cDovL3d3dy53My5vcmcvMjAwMC9zdmciPjwvc3ZnPg==\" \/><\/figure><\/div>\n\n\n\n<p>Para o superintendente, a sinaliza\u00e7\u00e3o tem por finalidade alertar aos usu\u00e1rios sobre as condi\u00e7\u00f5es potencialmente perigosas, obst\u00e1culos ou restri\u00e7\u00f5es existentes na via ou adjacentes a ela, indicando a natureza dessas situa\u00e7\u00f5es \u00e0&nbsp;frente, quer sejam permanentes ou eventuais. \u201cEssa sinaliza\u00e7\u00e3o \u00e9 muito importante para a popula\u00e7\u00e3o em especial as fam\u00edlias e alunos das escolas do munic\u00edpio de forma em alertar v\u00e1rios fatores para um transito seguro para todos.\u201d Disse Valdecy<\/p>\n\n\n\n<p>Essa sinaliza\u00e7\u00e3o exige geralmente uma redu\u00e7\u00e3o de velocidade com o objetivo de propiciar maior seguran\u00e7a de tr\u00e2nsito. Al\u00e9m de possuir car\u00e1ter de advert\u00eancia de acordo com as exig\u00eancias contidas no C\u00f3digo de Tr\u00e2nsito Brasileiro \u2013 CTB que atribui ao \u00f3rg\u00e3o ou entidade com circunscri\u00e7\u00e3o\/ jurisdi\u00e7\u00e3o sobre a via, a promo\u00e7\u00e3o de condi\u00e7\u00f5es para um tr\u00e2nsito mais seguro.<\/p>\n","protected":false},"excerpt":{"rendered":"<p>A Superintend\u00eancia de Tr\u00e2nsito e Transportes de Monteiro \u2013 MONTRAN, deu in\u00edcio no \u00faltimo dia 10 de mar\u00e7o, a implanta\u00e7\u00e3o da sinaliza\u00e7\u00e3o vertical de advert\u00eancia&hellip; <\/p>\n","protected":false},"author":2,"featured_media":158570,"comment_status":"closed","ping_status":"closed","sticky":false,"template":"","format":"standard","meta":{"sfsi_plus_gutenberg_text_before_share":"","sfsi_plus_gutenberg_show_text_before_share":"","sfsi_plus_gutenberg_icon_type":"","sfsi_plus_gutenberg_icon_alignemt":"","sfsi_plus_gutenburg_max_per_row":"","footnotes":""},"categories":[2],"tags":[],"class_list":["post-158569","post","type-post","status-publish","format-standard","has-post-thumbnail","hentry","category-geral"],"_links":{"self":[{"href":"https:\/\/www.caririemacao.com\/1\/wp-json\/wp\/v2\/posts\/158569","targetHints":{"allow":["GET"]}}],"collection":[{"href":"https:\/\/www.caririemacao.com\/1\/wp-json\/wp\/v2\/posts"}],"about":[{"href":"https:\/\/www.caririemacao.com\/1\/wp-json\/wp\/v2\/types\/post"}],"author":[{"embeddable":true,"href":"https:\/\/www.caririemacao.com\/1\/wp-json\/wp\/v2\/users\/2"}],"replies":[{"embeddable":true,"href":"https:\/\/www.caririemacao.com\/1\/wp-json\/wp\/v2\/comments?post=158569"}],"version-history":[{"count":1,"href":"https:\/\/www.caririemacao.com\/1\/wp-json\/wp\/v2\/posts\/158569\/revisions"}],"predecessor-version":[{"id":158571,"href":"https:\/\/www.caririemacao.com\/1\/wp-json\/wp\/v2\/posts\/158569\/revisions\/158571"}],"wp:featuredmedia":[{"embeddable":true,"href":"https:\/\/www.caririemacao.com\/1\/wp-json\/wp\/v2\/media\/158570"}],"wp:attachment":[{"href":"https:\/\/www.caririemacao.com\/1\/wp-json\/wp\/v2\/media?parent=158569"}],"wp:term":[{"taxonomy":"category","embeddable":true,"href":"https:\/\/www.caririemacao.com\/1\/wp-json\/wp\/v2\/categories?post=158569"},{"taxonomy":"post_tag","embeddable":true,"href":"https:\/\/www.caririemacao.com\/1\/wp-json\/wp\/v2\/tags?post=158569"}],"curies":[{"name":"wp","href":"https:\/\/api.w.org\/{rel}","templated":true}]}}