{"id":158573,"date":"2020-03-18T07:43:24","date_gmt":"2020-03-18T10:43:24","guid":{"rendered":"http:\/\/www.caririemacao.com\/1\/?p=158573"},"modified":"2020-03-18T07:43:25","modified_gmt":"2020-03-18T10:43:25","slug":"competicoes-esportivas-sao-paralisadas-na-regiao-por-conta-do-coronavirus","status":"publish","type":"post","link":"https:\/\/www.caririemacao.com\/1\/2020\/03\/18\/competicoes-esportivas-sao-paralisadas-na-regiao-por-conta-do-coronavirus\/","title":{"rendered":"Competi\u00e7\u00f5es esportivas s\u00e3o paralisadas na regi\u00e3o por conta do coronav\u00edrus"},"content":{"rendered":"\n<p>A pandemia do Coronav\u00edrus passou a afetar drasticamente o mundo esportivo. Em diversos pa\u00edses, os principais campeonatos de futebol e de outras modalidades est\u00e3o sendo paralisados e, se n\u00e3o, est\u00e3o tendo jogos com os port\u00f5es fechados para evitar a concentra\u00e7\u00e3o de multid\u00f5es em est\u00e1dios.<\/p>\n\n\n\n<p>No Brasil, v\u00e1rias competi\u00e7\u00f5es nacionais e regionais est\u00e3o sendo interrompidas e tendo o calend\u00e1rio suspenso por conta da propaga\u00e7\u00e3o do novo coronav\u00edrus. Sergipe, Pernambuco, S\u00e3o Paulo, Rio de Janeiro, Santa Catarina, Rio Grande do Sul, Esp\u00edrito Santos e Minas Gerais j\u00e1 decretaram as suspens\u00f5es de seus estaduais. Alagoas, ap\u00f3s reuni\u00e3o com o governador, modificou a decis\u00e3o de ontem (15) de manter os jogos e paralisou a competi\u00e7\u00e3o por 15 dias.<\/p>\n\n\n\n<p>Na Para\u00edba, na tarde desta segunda-feira (16), a Federa\u00e7\u00e3o Paraibana de Futebol, por meio de nota assinada por Otamar Batista, diretor executivo da entidade, decidiu manter a realiza\u00e7\u00e3o das duas partidas marcadas para quarta-feira (18), entre Botafogo-PB x Sousa, no Almeid\u00e3o, e Sport Lagoa Seca e Nacional de Patos, no est\u00e1dio Tit\u00e3o. Ambas ser\u00e3o disputadas com port\u00f5es fechados.<\/p>\n\n\n\n<p>A reuni\u00e3o da FPF com os clubes ficou marcada apenas para a tarde de quinta (19), em Jo\u00e3o Pessoa, para nela ser decidido o futuro do torneio estadual. Na sexta-feira (20), a presidente da Federa\u00e7\u00e3o vai conversar com representantes do governo do estado para buscar orienta\u00e7\u00f5es de como proceder na situa\u00e7\u00e3o.<\/p>\n\n\n\n<p><strong>SUPERLIGA PARAIBANA DE FUTSAL<\/strong><\/p>\n\n\n\n<div class=\"wp-block-image\"><figure class=\"aligncenter\"><img decoding=\"async\" data-src=\"http:\/\/deolhonocariri.com.br\/wp-content\/uploads\/2020\/03\/89933719_2748444801938145_6137078249563357184_o.jpg\" alt=\"\" class=\"wp-image-79280 lazyload\" src=\"data:image\/svg+xml;base64,PHN2ZyB3aWR0aD0iMSIgaGVpZ2h0PSIxIiB4bWxucz0iaHR0cDovL3d3dy53My5vcmcvMjAwMC9zdmciPjwvc3ZnPg==\" \/><\/figure><\/div>\n\n\n\n<p>As competi\u00e7\u00f5es amadoras na Para\u00edba come\u00e7am tamb\u00e9m a serem afetadas. Nesta ultima segunda-feira(16), a coordena\u00e7\u00e3o da Superliga Paraibana de Futsal anunciou atrav\u00e9s de comunicado oficial, a suspens\u00e3o das partidas das semifinais da competi\u00e7\u00e3o que iriam ser realizadas nesta ter\u00e7a-feira(17) no Gin\u00e1sio de Esportes da UFCG, em Campina Grande.<\/p>\n\n\n\n<p>A equipe caririzeira de futsal do Amigos do L\u00e9o de Boa Vista \u00e9 uma das equipes semifinalistas do certame e em comum acordo com o coordenador, Carlos Magno, resolveram adiar os jogos finais da SuperLiga de Futsal.<\/p>\n\n\n\n<p>A decis\u00e3o de paralisar as competi\u00e7\u00f5es \u00e9 uma medida que visa evitar que atletas e funcion\u00e1rios dos eventos esportivos se contaminem pela doen\u00e7a. Diversas modalidades t\u00eam sido impactadas pelo coronav\u00edrus, com mudan\u00e7as nos calend\u00e1rios ou a proibi\u00e7\u00e3o da presen\u00e7a de p\u00fablico.<\/p>\n\n\n\n<p><strong>COPA CARIRI INTEGRA\u00c7\u00c3O DE FUTEBOL SUSPENDE COMPETI\u00c7\u00c3O POR 15 DIAS<\/strong><\/p>\n\n\n\n<p>Na manh\u00e3 desta ter\u00e7a-feira(17) a coordena\u00e7\u00e3o da Copa Integra\u00e7\u00e3o de Futebol do Cariri que teve in\u00edcio no \u00faltimo final de semana a edi\u00e7\u00e3o 2020, emitiu um comunicado oficial atrav\u00e9s da coordena\u00e7\u00e3o, suspendo oficialmente a competi\u00e7\u00e3o pelo per\u00edodo de 15 dias.<\/p>\n\n\n\n<p><strong>CONFIRA O COMUNICADO OFICIAL<\/strong><\/p>\n\n\n\n<div class=\"wp-block-image\"><figure class=\"aligncenter\"><img decoding=\"async\" data-src=\"http:\/\/deolhonocariri.com.br\/wp-content\/uploads\/2020\/03\/89994419_2935077483228212_1845376730731118592_n.jpg\" alt=\"\" class=\"wp-image-79281 lazyload\" src=\"data:image\/svg+xml;base64,PHN2ZyB3aWR0aD0iMSIgaGVpZ2h0PSIxIiB4bWxucz0iaHR0cDovL3d3dy53My5vcmcvMjAwMC9zdmciPjwvc3ZnPg==\" \/><\/figure><\/div>\n\n\n\n<p>Cariri esporte<\/p>\n","protected":false},"excerpt":{"rendered":"<p>A pandemia do Coronav\u00edrus passou a afetar drasticamente o mundo esportivo. Em diversos pa\u00edses, os principais campeonatos de futebol e de outras modalidades est\u00e3o sendo&hellip; <\/p>\n","protected":false},"author":2,"featured_media":158574,"comment_status":"closed","ping_status":"closed","sticky":false,"template":"","format":"standard","meta":{"sfsi_plus_gutenberg_text_before_share":"","sfsi_plus_gutenberg_show_text_before_share":"","sfsi_plus_gutenberg_icon_type":"","sfsi_plus_gutenberg_icon_alignemt":"","sfsi_plus_gutenburg_max_per_row":"","footnotes":""},"categories":[2],"tags":[],"class_list":["post-158573","post","type-post","status-publish","format-standard","has-post-thumbnail","hentry","category-geral"],"_links":{"self":[{"href":"https:\/\/www.caririemacao.com\/1\/wp-json\/wp\/v2\/posts\/158573","targetHints":{"allow":["GET"]}}],"collection":[{"href":"https:\/\/www.caririemacao.com\/1\/wp-json\/wp\/v2\/posts"}],"about":[{"href":"https:\/\/www.caririemacao.com\/1\/wp-json\/wp\/v2\/types\/post"}],"author":[{"embeddable":true,"href":"https:\/\/www.caririemacao.com\/1\/wp-json\/wp\/v2\/users\/2"}],"replies":[{"embeddable":true,"href":"https:\/\/www.caririemacao.com\/1\/wp-json\/wp\/v2\/comments?post=158573"}],"version-history":[{"count":1,"href":"https:\/\/www.caririemacao.com\/1\/wp-json\/wp\/v2\/posts\/158573\/revisions"}],"predecessor-version":[{"id":158575,"href":"https:\/\/www.caririemacao.com\/1\/wp-json\/wp\/v2\/posts\/158573\/revisions\/158575"}],"wp:featuredmedia":[{"embeddable":true,"href":"https:\/\/www.caririemacao.com\/1\/wp-json\/wp\/v2\/media\/158574"}],"wp:attachment":[{"href":"https:\/\/www.caririemacao.com\/1\/wp-json\/wp\/v2\/media?parent=158573"}],"wp:term":[{"taxonomy":"category","embeddable":true,"href":"https:\/\/www.caririemacao.com\/1\/wp-json\/wp\/v2\/categories?post=158573"},{"taxonomy":"post_tag","embeddable":true,"href":"https:\/\/www.caririemacao.com\/1\/wp-json\/wp\/v2\/tags?post=158573"}],"curies":[{"name":"wp","href":"https:\/\/api.w.org\/{rel}","templated":true}]}}