{"id":158577,"date":"2020-03-18T07:44:47","date_gmt":"2020-03-18T10:44:47","guid":{"rendered":"http:\/\/www.caririemacao.com\/1\/?p=158577"},"modified":"2020-03-18T07:45:04","modified_gmt":"2020-03-18T10:45:04","slug":"brasil-fechara-fronteira-com-venezuela-anuncia-bolsonaro","status":"publish","type":"post","link":"https:\/\/www.caririemacao.com\/1\/2020\/03\/18\/brasil-fechara-fronteira-com-venezuela-anuncia-bolsonaro\/","title":{"rendered":"Brasil fechar\u00e1 fronteira com Venezuela, anuncia Bolsonaro"},"content":{"rendered":"\n<div class=\"wp-block-image\"><figure class=\"aligncenter\"><img decoding=\"async\" data-src=\"http:\/\/deolhonocariri.com.br\/wp-content\/uploads\/2020\/03\/Bolsonaro.jpg\" alt=\"\" class=\"wp-image-79315 lazyload\" src=\"data:image\/svg+xml;base64,PHN2ZyB3aWR0aD0iMSIgaGVpZ2h0PSIxIiB4bWxucz0iaHR0cDovL3d3dy53My5vcmcvMjAwMC9zdmciPjwvc3ZnPg==\" \/><\/figure><\/div>\n\n\n\n<p>O presidente Jair Bolsonaro confirmou que o governo federal vai fechar parcialmente a fronteira do Brasil com a Venezuela, no estado de Roraima, a partir de amanh\u00e3 (18), por causa da pandemia do novo coronav\u00edrus (Covid-19). A medida dever\u00e1 ser publicada na forma de uma portaria interministerial das pastas da Justi\u00e7a e Seguran\u00e7a P\u00fablica e das Rela\u00e7\u00f5es Exteriores. Segundo o presidente, a restri\u00e7\u00e3o valer\u00e1 apenas para o tr\u00e2nsito de pessoas e n\u00e3o afetar\u00e1 a circula\u00e7\u00e3o de mercadorias.<\/p>\n\n\n\n<p>\u201cAmanh\u00e3 tem a portaria. N\u00e3o \u00e9 o fechamento total, o tr\u00e1fego de mercadorias vai continuar acontecendo. Se voc\u00ea fecha o tr\u00e1fego com a Venezuela, a economia de Roraima desanda e, em parte, a da Venezuela tamb\u00e9m. N\u00e3o temos como tomar medidas radicais, n\u00e3o vai dar certo\u201d, afirmou na portaria do Pal\u00e1cio do Alvorada, resid\u00eancia oficial.<\/p>\n\n\n\n<p>Para Bolsonaro, que tratou a situa\u00e7\u00e3o da Venezuela como exce\u00e7\u00e3o, o fechamento de fronteiras com outros pa\u00edses n\u00e3o resolve o problema da circula\u00e7\u00e3o do coronav\u00edrus e disse que a crise n\u00e3o pode ser tratada como histeria.<\/p>\n\n\n\n<p>\u201cN\u00e3o tem como voc\u00ea evitar o tr\u00e1fego de pessoas ali. H\u00e1 uma certa histeria, como se fechar fronteira resolvesse o problema\u201d, afirmou.<\/p>\n\n\n\n<p><strong>Teste do coronav\u00edrus<\/strong><\/p>\n\n\n\n<p>O presidente tamb\u00e9m comentou que j\u00e1 fez um novo teste para diagn\u00f3stico do Covid-19 e que divulgar\u00e1 o resultado assim que receb\u00ea-lo. \u201cN\u00e3o chegou o resultado, mas chegando, se for positivo ou negativo eu vou divulgar, sem problema nenhum\u201d. Na semana passada, um primeiro teste para a infec\u00e7\u00e3o deu negativo para Bolsonaro.<\/p>\n\n\n\n<p>O presidente, familiares e auxiliares que o acompanharam em viagem aos Estados Unidos, h\u00e1 pouco mais de uma semana, est\u00e3o sendo monitorados e examinados depois da confirma\u00e7\u00e3o de que 14 integrantes da comitiva testaram positivo para o novo coronav\u00edrus.<\/p>\n","protected":false},"excerpt":{"rendered":"<p>O presidente Jair Bolsonaro confirmou que o governo federal vai fechar parcialmente a fronteira do Brasil com a Venezuela, no estado de Roraima, a partir&hellip; <\/p>\n","protected":false},"author":2,"featured_media":158578,"comment_status":"closed","ping_status":"closed","sticky":false,"template":"","format":"standard","meta":{"sfsi_plus_gutenberg_text_before_share":"","sfsi_plus_gutenberg_show_text_before_share":"","sfsi_plus_gutenberg_icon_type":"","sfsi_plus_gutenberg_icon_alignemt":"","sfsi_plus_gutenburg_max_per_row":"","footnotes":""},"categories":[2],"tags":[],"class_list":["post-158577","post","type-post","status-publish","format-standard","has-post-thumbnail","hentry","category-geral"],"_links":{"self":[{"href":"https:\/\/www.caririemacao.com\/1\/wp-json\/wp\/v2\/posts\/158577","targetHints":{"allow":["GET"]}}],"collection":[{"href":"https:\/\/www.caririemacao.com\/1\/wp-json\/wp\/v2\/posts"}],"about":[{"href":"https:\/\/www.caririemacao.com\/1\/wp-json\/wp\/v2\/types\/post"}],"author":[{"embeddable":true,"href":"https:\/\/www.caririemacao.com\/1\/wp-json\/wp\/v2\/users\/2"}],"replies":[{"embeddable":true,"href":"https:\/\/www.caririemacao.com\/1\/wp-json\/wp\/v2\/comments?post=158577"}],"version-history":[{"count":2,"href":"https:\/\/www.caririemacao.com\/1\/wp-json\/wp\/v2\/posts\/158577\/revisions"}],"predecessor-version":[{"id":158580,"href":"https:\/\/www.caririemacao.com\/1\/wp-json\/wp\/v2\/posts\/158577\/revisions\/158580"}],"wp:featuredmedia":[{"embeddable":true,"href":"https:\/\/www.caririemacao.com\/1\/wp-json\/wp\/v2\/media\/158578"}],"wp:attachment":[{"href":"https:\/\/www.caririemacao.com\/1\/wp-json\/wp\/v2\/media?parent=158577"}],"wp:term":[{"taxonomy":"category","embeddable":true,"href":"https:\/\/www.caririemacao.com\/1\/wp-json\/wp\/v2\/categories?post=158577"},{"taxonomy":"post_tag","embeddable":true,"href":"https:\/\/www.caririemacao.com\/1\/wp-json\/wp\/v2\/tags?post=158577"}],"curies":[{"name":"wp","href":"https:\/\/api.w.org\/{rel}","templated":true}]}}