{"id":158596,"date":"2020-03-18T08:04:38","date_gmt":"2020-03-18T11:04:38","guid":{"rendered":"http:\/\/www.caririemacao.com\/1\/?p=158596"},"modified":"2020-03-18T08:04:39","modified_gmt":"2020-03-18T11:04:39","slug":"profissionais-da-saude-estao-na-linha-de-frente-do-coronavirus-diz-infectologista","status":"publish","type":"post","link":"https:\/\/www.caririemacao.com\/1\/2020\/03\/18\/profissionais-da-saude-estao-na-linha-de-frente-do-coronavirus-diz-infectologista\/","title":{"rendered":"Profissionais da sa\u00fade est\u00e3o na linha de frente do coronav\u00edrus, diz infectologista"},"content":{"rendered":"\n<p>\u201cMe preocupo, tenho meus medos, mas o coletivo tem que ser realmente colocado \u00e0 frente\u201d. A afirma\u00e7\u00e3o partiu do m\u00e9dico infectologista Fernando Chagas e resume bem o dia-a-dia dos profissionais da sa\u00fade neste per\u00edodo de crise gerado pelo avan\u00e7o do novo coronav\u00edrus em n\u00edvel mundial.<\/p>\n\n\n\n<p>Em entrevista concedida \u00e0 uma emissora de r\u00e1dio pessoense, o m\u00e9dico destacou que \u00e9 importante entendermos que fazemos parte de um processo e uma estrutura social e o profissional da sa\u00fade est\u00e1 na linha de frente, principalmente nestas ocasi\u00f5es.<\/p>\n\n\n\n<p>Em suas falas, ele disse participar de grupos com alguns colegas de profiss\u00e3o e ter percebido a ang\u00fastia instaurada com o aumento de usu\u00e1rios em unidades de urg\u00eancia.<\/p>\n\n\n\n<p>\u201cIsso tem angustiado demais os profissionais porque eles ficam preocupados com a prote\u00e7\u00e3o\u201d, completou.<\/p>\n\n\n\n<p>De acordo com Fernando, algo que est\u00e1 sendo bastante dif\u00edcil \u00e9 a forma que ele est\u00e1 precisando lidar em rela\u00e7\u00e3o a sua fam\u00edlia, justamente, por estar diariamente exposto.<\/p>\n\n\n\n<p>\u201cEu n\u00e3o vou poder fazer o anivers\u00e1rio da minha filha que vai ser agora, eu n\u00e3o posso visitar minha m\u00e3e idosa e doente, porque eu estou na linha de frente. Eu n\u00e3o posso arriscar. N\u00e3o \u00e9 f\u00e1cil para ningu\u00e9m. \u00c9 um momento que a gente tem que se doar\u201d, ponderou.<\/p>\n\n\n\n<p>Por fim, o infectologista fez um apelo aos profissionais de sa\u00fade, sejam m\u00e9dicos, enfermeiros, fisioterapeutas, dentre outros, que se mantenham firmes.<\/p>\n\n\n\n<p>\u201cO momento agora \u00e9 esse. A gente chama esse momento na infectologia de Hora de Ouro, \u00e9 a hora da conten\u00e7\u00e3o\u201d, finalizou.<\/p>\n","protected":false},"excerpt":{"rendered":"<p>\u201cMe preocupo, tenho meus medos, mas o coletivo tem que ser realmente colocado \u00e0 frente\u201d. A afirma\u00e7\u00e3o partiu do m\u00e9dico infectologista Fernando Chagas e resume&hellip; <\/p>\n","protected":false},"author":2,"featured_media":158597,"comment_status":"closed","ping_status":"closed","sticky":false,"template":"","format":"standard","meta":{"sfsi_plus_gutenberg_text_before_share":"","sfsi_plus_gutenberg_show_text_before_share":"","sfsi_plus_gutenberg_icon_type":"","sfsi_plus_gutenberg_icon_alignemt":"","sfsi_plus_gutenburg_max_per_row":"","footnotes":""},"categories":[16],"tags":[],"class_list":["post-158596","post","type-post","status-publish","format-standard","has-post-thumbnail","hentry","category-saude"],"_links":{"self":[{"href":"https:\/\/www.caririemacao.com\/1\/wp-json\/wp\/v2\/posts\/158596","targetHints":{"allow":["GET"]}}],"collection":[{"href":"https:\/\/www.caririemacao.com\/1\/wp-json\/wp\/v2\/posts"}],"about":[{"href":"https:\/\/www.caririemacao.com\/1\/wp-json\/wp\/v2\/types\/post"}],"author":[{"embeddable":true,"href":"https:\/\/www.caririemacao.com\/1\/wp-json\/wp\/v2\/users\/2"}],"replies":[{"embeddable":true,"href":"https:\/\/www.caririemacao.com\/1\/wp-json\/wp\/v2\/comments?post=158596"}],"version-history":[{"count":1,"href":"https:\/\/www.caririemacao.com\/1\/wp-json\/wp\/v2\/posts\/158596\/revisions"}],"predecessor-version":[{"id":158598,"href":"https:\/\/www.caririemacao.com\/1\/wp-json\/wp\/v2\/posts\/158596\/revisions\/158598"}],"wp:featuredmedia":[{"embeddable":true,"href":"https:\/\/www.caririemacao.com\/1\/wp-json\/wp\/v2\/media\/158597"}],"wp:attachment":[{"href":"https:\/\/www.caririemacao.com\/1\/wp-json\/wp\/v2\/media?parent=158596"}],"wp:term":[{"taxonomy":"category","embeddable":true,"href":"https:\/\/www.caririemacao.com\/1\/wp-json\/wp\/v2\/categories?post=158596"},{"taxonomy":"post_tag","embeddable":true,"href":"https:\/\/www.caririemacao.com\/1\/wp-json\/wp\/v2\/tags?post=158596"}],"curies":[{"name":"wp","href":"https:\/\/api.w.org\/{rel}","templated":true}]}}