{"id":158600,"date":"2020-03-18T08:07:31","date_gmt":"2020-03-18T11:07:31","guid":{"rendered":"http:\/\/www.caririemacao.com\/1\/?p=158600"},"modified":"2020-03-18T08:07:33","modified_gmt":"2020-03-18T11:07:33","slug":"fifa-informa-medidas-para-enfrentar-o-coronavirus","status":"publish","type":"post","link":"https:\/\/www.caririemacao.com\/1\/2020\/03\/18\/fifa-informa-medidas-para-enfrentar-o-coronavirus\/","title":{"rendered":"FIFA informa medidas para enfrentar o coronav\u00edrus"},"content":{"rendered":"\n<p>&nbsp;A FIFA anunciou nesta ter\u00e7a-feira (17) algumas a\u00e7\u00f5es para lidar com a pandemia do novo coronav\u00edrus. Em um comunicado, o presidente Gianni Infantino anunciou uma s\u00e9rie de a\u00e7\u00f5es em meio aos adiamentos e mudan\u00e7as nos calend\u00e1rios.<\/p>\n\n\n\n<p>\u201cVou me reunir amanh\u00e3 com os conselheiros da FIFA e vou sugeris os seguintes pr\u00f3ximos passos: \u2013 aceitar os adiamentos da Copa Am\u00e9rica e da Eurocopa para junho e julho de 2021; \u2013 decidir mais para frente \u2013 quando houver mais clareza da situa\u00e7\u00e3o \u2013 para quando remarcar o Mundial de Clube da Fifa, se mais tarde em 2021, 2022 ou 2023; \u2013 discutir com a federa\u00e7\u00e3o chinesa e o governo chin\u00eas o adiamento do Mundial de Clubes de 2021 de forma a minimizar o impacto negativo e; \u2013 discutir o impacto destas mudan\u00e7as com as confedera\u00e7\u00f5es, membros associados e outros envolvidos no calend\u00e1rio internacional de forma a achar solu\u00e7\u00f5es apropriadas para todos\u201d.<\/p>\n\n\n\n<p>Infaitno diz que espera ver a situa\u00e7\u00e3o normalizada antes do final de abril.<\/p>\n\n\n\n<p>A FIFA tamb\u00e9m anunciou medidas para ajudar clubes e a OMS (Organiza\u00e7\u00e3o Mundial de Sa\u00fade). Vai doar US$ 10 milh\u00f5es para o fundo solid\u00e1rio da OMS para a covid-19 e vai avaliar a possibilidade de estabelecer um fundo de assist\u00eancia global para o futebol de forma a ajudar profissionais afetados pela crise.<\/p>\n\n\n\n<p>\u201cA FIFA manter\u00e1 contato regular com todos os membros da comunidade do futebol durante este per\u00edodo dif\u00edcil. Como afirmei ontem, circunst\u00e2ncias desafiadoras oferecem oportunidades para as pessoas se unirem, mostrarem o que podem fazer em esp\u00edrito coletivo e emergirem mais fortes e melhor preparadas para o futuro. E \u00e9 isso que a FIFA pretende fazer aqui\u201d, finalizou Infantino.<\/p>\n","protected":false},"excerpt":{"rendered":"<p>&nbsp;A FIFA anunciou nesta ter\u00e7a-feira (17) algumas a\u00e7\u00f5es para lidar com a pandemia do novo coronav\u00edrus. Em um comunicado, o presidente Gianni Infantino anunciou uma&hellip; <\/p>\n","protected":false},"author":2,"featured_media":158601,"comment_status":"closed","ping_status":"closed","sticky":false,"template":"","format":"standard","meta":{"sfsi_plus_gutenberg_text_before_share":"","sfsi_plus_gutenberg_show_text_before_share":"","sfsi_plus_gutenberg_icon_type":"","sfsi_plus_gutenberg_icon_alignemt":"","sfsi_plus_gutenburg_max_per_row":"","footnotes":""},"categories":[13],"tags":[],"class_list":["post-158600","post","type-post","status-publish","format-standard","has-post-thumbnail","hentry","category-esportes"],"_links":{"self":[{"href":"https:\/\/www.caririemacao.com\/1\/wp-json\/wp\/v2\/posts\/158600","targetHints":{"allow":["GET"]}}],"collection":[{"href":"https:\/\/www.caririemacao.com\/1\/wp-json\/wp\/v2\/posts"}],"about":[{"href":"https:\/\/www.caririemacao.com\/1\/wp-json\/wp\/v2\/types\/post"}],"author":[{"embeddable":true,"href":"https:\/\/www.caririemacao.com\/1\/wp-json\/wp\/v2\/users\/2"}],"replies":[{"embeddable":true,"href":"https:\/\/www.caririemacao.com\/1\/wp-json\/wp\/v2\/comments?post=158600"}],"version-history":[{"count":1,"href":"https:\/\/www.caririemacao.com\/1\/wp-json\/wp\/v2\/posts\/158600\/revisions"}],"predecessor-version":[{"id":158602,"href":"https:\/\/www.caririemacao.com\/1\/wp-json\/wp\/v2\/posts\/158600\/revisions\/158602"}],"wp:featuredmedia":[{"embeddable":true,"href":"https:\/\/www.caririemacao.com\/1\/wp-json\/wp\/v2\/media\/158601"}],"wp:attachment":[{"href":"https:\/\/www.caririemacao.com\/1\/wp-json\/wp\/v2\/media?parent=158600"}],"wp:term":[{"taxonomy":"category","embeddable":true,"href":"https:\/\/www.caririemacao.com\/1\/wp-json\/wp\/v2\/categories?post=158600"},{"taxonomy":"post_tag","embeddable":true,"href":"https:\/\/www.caririemacao.com\/1\/wp-json\/wp\/v2\/tags?post=158600"}],"curies":[{"name":"wp","href":"https:\/\/api.w.org\/{rel}","templated":true}]}}