{"id":158603,"date":"2020-03-18T08:09:16","date_gmt":"2020-03-18T11:09:16","guid":{"rendered":"http:\/\/www.caririemacao.com\/1\/?p=158603"},"modified":"2020-03-18T08:09:18","modified_gmt":"2020-03-18T11:09:18","slug":"joao-azevedo-anteve-prejuizos-e-defende-medidas-para-combater-crise-economica-o-que-mais-interessa-e-a-preservacao-da-vida","status":"publish","type":"post","link":"https:\/\/www.caririemacao.com\/1\/2020\/03\/18\/joao-azevedo-anteve-prejuizos-e-defende-medidas-para-combater-crise-economica-o-que-mais-interessa-e-a-preservacao-da-vida\/","title":{"rendered":"Jo\u00e3o Azev\u00eado antev\u00ea preju\u00edzos e defende medidas para combater crise econ\u00f4mica; &#8216;o que mais interessa \u00e9 a preserva\u00e7\u00e3o da vida&#8217;"},"content":{"rendered":"\n<p>Em entrevista coletiva na manh\u00e3 desta ter\u00e7a-feira (17) o governador Jo\u00e3o Azev\u00eado lamentou o impacto negativo na economia provocado pelo novo Coronav\u00edrus. Ele defendeu a ado\u00e7\u00e3o de medidas por parte dos governadores e do Governo Federal para amortizar a queda nos rendimentos e as perdas no com\u00e9rcio. &#8220;Imaginar que n\u00e3o teremos preju\u00edzo \u00e9 ilus\u00e3o&#8221;, apontou.<\/p>\n\n\n\n<p>&#8220;Vamos ter sim preju\u00edzos importantes. A economia desse pa\u00eds que j\u00e1 n\u00e3o estava crescendo como desej\u00e1vamos, vai ter reflexos piores ainda porque o mundo todo est\u00e1 sofrendo esse impacto econ\u00f4mico. Mas o que mais nos interessa agora \u00e9 a preserva\u00e7\u00e3o da vida&#8221;, ressaltou o governador.<\/p>\n\n\n\n<p>Jo\u00e3o Azev\u00eado ainda chamou aten\u00e7\u00e3o para o trabalho das pessoas que dependem do com\u00e9rcio. &#8220;N\u00e3o tenho d\u00favida que o Brasil est\u00e1 vivendo um momento que nos preocupa e a situa\u00e7\u00e3o pode se agravar&#8221;, alertou.&nbsp;<\/p>\n\n\n\n<p>Ele revelou ainda que os governadores estudam possibilidades e propostas para amortizar o impacto na vida do cidad\u00e3o, a exemplo da implanta\u00e7\u00e3o de bolsas aos que necessitam. &#8220;Mas al\u00e9m disso se faz necess\u00e1rio um conjunto de medidas econ\u00f4micas pelo cidad\u00e3o que, de repente, em fun\u00e7\u00e3o da suspens\u00e3o de eventos, como compensar esse preju\u00edzo. Mas tenho certeza que vamos buscar esse encaminhamento&#8221;.&nbsp;<\/p>\n","protected":false},"excerpt":{"rendered":"<p>Em entrevista coletiva na manh\u00e3 desta ter\u00e7a-feira (17) o governador Jo\u00e3o Azev\u00eado lamentou o impacto negativo na economia provocado pelo novo Coronav\u00edrus. Ele defendeu a&hellip; <\/p>\n","protected":false},"author":2,"featured_media":158604,"comment_status":"closed","ping_status":"closed","sticky":false,"template":"","format":"standard","meta":{"sfsi_plus_gutenberg_text_before_share":"","sfsi_plus_gutenberg_show_text_before_share":"","sfsi_plus_gutenberg_icon_type":"","sfsi_plus_gutenberg_icon_alignemt":"","sfsi_plus_gutenburg_max_per_row":"","footnotes":""},"categories":[2],"tags":[],"class_list":["post-158603","post","type-post","status-publish","format-standard","has-post-thumbnail","hentry","category-geral"],"_links":{"self":[{"href":"https:\/\/www.caririemacao.com\/1\/wp-json\/wp\/v2\/posts\/158603","targetHints":{"allow":["GET"]}}],"collection":[{"href":"https:\/\/www.caririemacao.com\/1\/wp-json\/wp\/v2\/posts"}],"about":[{"href":"https:\/\/www.caririemacao.com\/1\/wp-json\/wp\/v2\/types\/post"}],"author":[{"embeddable":true,"href":"https:\/\/www.caririemacao.com\/1\/wp-json\/wp\/v2\/users\/2"}],"replies":[{"embeddable":true,"href":"https:\/\/www.caririemacao.com\/1\/wp-json\/wp\/v2\/comments?post=158603"}],"version-history":[{"count":1,"href":"https:\/\/www.caririemacao.com\/1\/wp-json\/wp\/v2\/posts\/158603\/revisions"}],"predecessor-version":[{"id":158605,"href":"https:\/\/www.caririemacao.com\/1\/wp-json\/wp\/v2\/posts\/158603\/revisions\/158605"}],"wp:featuredmedia":[{"embeddable":true,"href":"https:\/\/www.caririemacao.com\/1\/wp-json\/wp\/v2\/media\/158604"}],"wp:attachment":[{"href":"https:\/\/www.caririemacao.com\/1\/wp-json\/wp\/v2\/media?parent=158603"}],"wp:term":[{"taxonomy":"category","embeddable":true,"href":"https:\/\/www.caririemacao.com\/1\/wp-json\/wp\/v2\/categories?post=158603"},{"taxonomy":"post_tag","embeddable":true,"href":"https:\/\/www.caririemacao.com\/1\/wp-json\/wp\/v2\/tags?post=158603"}],"curies":[{"name":"wp","href":"https:\/\/api.w.org\/{rel}","templated":true}]}}