{"id":158611,"date":"2020-03-18T08:25:43","date_gmt":"2020-03-18T11:25:43","guid":{"rendered":"http:\/\/www.caririemacao.com\/1\/?p=158611"},"modified":"2020-03-18T08:25:45","modified_gmt":"2020-03-18T11:25:45","slug":"coronavirus-consumidores-em-joao-pessoa-lotam-supermercados-para-fazer-estoque-de-comida-e-outros-itens-durante-pandemia","status":"publish","type":"post","link":"https:\/\/www.caririemacao.com\/1\/2020\/03\/18\/coronavirus-consumidores-em-joao-pessoa-lotam-supermercados-para-fazer-estoque-de-comida-e-outros-itens-durante-pandemia\/","title":{"rendered":"Coronav\u00edrus: consumidores em Jo\u00e3o Pessoa lotam supermercados para fazer estoque de comida e outros itens durante pandemia"},"content":{"rendered":"\n<p>Uma imagem atribu\u00edda ao Supermercado Mana\u00edra, em Jo\u00e3o Pessoa, foi compartilhada nas redes sociais mostrando que a preocupa\u00e7\u00e3o com a pandemia de coronav\u00edrus levou diversos consumidores a lotarem o estabelecimento. A imagem foi compartilhada nesta ter\u00e7a-feira (17). Em rede social, o supermercado respondeu aos clientes confirmando que houve um aumento no n\u00famero de compradores no local, validando a imagem compartilhada. Um v\u00eddeo tamb\u00e9m divulgado na internet mostra a lota\u00e7\u00e3o.<\/p>\n\n\n\n<figure><iframe width=\"560\" height=\"315\" data-src=\"https:\/\/www.youtube.com\/embed\/BUsughNNrVY\" allowfullscreen=\"\" src=\"data:image\/svg+xml;base64,PHN2ZyB3aWR0aD0iMSIgaGVpZ2h0PSIxIiB4bWxucz0iaHR0cDovL3d3dy53My5vcmcvMjAwMC9zdmciPjwvc3ZnPg==\" class=\"lazyload\" data-load-mode=\"1\"><\/iframe><\/figure>\n\n\n\n<p>As pessoas teriam formado longas filas ao correrem ao supermercado na inten\u00e7\u00e3o de montar estoque de comida e outros itens em casa. Isso porque a sociedade est\u00e1 sendo orientada a ficar em isolamento em casa para evitar a transmiss\u00e3o do Covid-19.<\/p>\n\n\n\n<p>Al\u00e9m dessa imagem atribu\u00edda ao Supermercado Mana\u00edra, outra imagem circula mostrando um hipermercado lotado de consumidores tamb\u00e9m em corrida de compras em enfrentamento ao coronav\u00edrus. Nesse estabelecimento, as pessoas reservaram caixas de produtos.<\/p>\n\n\n\n<p>O ClickPB n\u00e3o conseguiu contato com o Supermercado Mana\u00edra. O estabelecimento informou em suas redes sociais que est\u00e1 com servi\u00e7o de entrega e com o abastecimento das prateleiras em estado normal, sem escassez.<\/p>\n\n\n\n<p>A Associa\u00e7\u00e3o Brasileira de Supermercados (ABRAS) emitiu nota, nessa segunda-feira (16), dizendo que n\u00e3o h\u00e1 desabastecimento e que, pelo contr\u00e1rio, houve mais oferta de produtos por causa do aumento na procura.<\/p>\n\n\n\n<figure class=\"wp-block-image\"><img decoding=\"async\" data-src=\"https:\/\/www.clickpb.com.br\/media\/filer_public\/4a\/8a\/4a8a2faf-327e-410a-80be-905d4c9312a4\/associacao_brasileira_de_supermercados_abras.jpg\" alt=\"\" src=\"data:image\/svg+xml;base64,PHN2ZyB3aWR0aD0iMSIgaGVpZ2h0PSIxIiB4bWxucz0iaHR0cDovL3d3dy53My5vcmcvMjAwMC9zdmciPjwvc3ZnPg==\" class=\"lazyload\" \/><\/figure>\n","protected":false},"excerpt":{"rendered":"<p>Uma imagem atribu\u00edda ao Supermercado Mana\u00edra, em Jo\u00e3o Pessoa, foi compartilhada nas redes sociais mostrando que a preocupa\u00e7\u00e3o com a pandemia de coronav\u00edrus levou diversos&hellip; <\/p>\n","protected":false},"author":2,"featured_media":158610,"comment_status":"closed","ping_status":"closed","sticky":false,"template":"","format":"standard","meta":{"sfsi_plus_gutenberg_text_before_share":"","sfsi_plus_gutenberg_show_text_before_share":"","sfsi_plus_gutenberg_icon_type":"","sfsi_plus_gutenberg_icon_alignemt":"","sfsi_plus_gutenburg_max_per_row":"","footnotes":""},"categories":[50,2],"tags":[],"class_list":["post-158611","post","type-post","status-publish","format-standard","has-post-thumbnail","hentry","category-destaque","category-geral"],"_links":{"self":[{"href":"https:\/\/www.caririemacao.com\/1\/wp-json\/wp\/v2\/posts\/158611","targetHints":{"allow":["GET"]}}],"collection":[{"href":"https:\/\/www.caririemacao.com\/1\/wp-json\/wp\/v2\/posts"}],"about":[{"href":"https:\/\/www.caririemacao.com\/1\/wp-json\/wp\/v2\/types\/post"}],"author":[{"embeddable":true,"href":"https:\/\/www.caririemacao.com\/1\/wp-json\/wp\/v2\/users\/2"}],"replies":[{"embeddable":true,"href":"https:\/\/www.caririemacao.com\/1\/wp-json\/wp\/v2\/comments?post=158611"}],"version-history":[{"count":1,"href":"https:\/\/www.caririemacao.com\/1\/wp-json\/wp\/v2\/posts\/158611\/revisions"}],"predecessor-version":[{"id":158612,"href":"https:\/\/www.caririemacao.com\/1\/wp-json\/wp\/v2\/posts\/158611\/revisions\/158612"}],"wp:featuredmedia":[{"embeddable":true,"href":"https:\/\/www.caririemacao.com\/1\/wp-json\/wp\/v2\/media\/158610"}],"wp:attachment":[{"href":"https:\/\/www.caririemacao.com\/1\/wp-json\/wp\/v2\/media?parent=158611"}],"wp:term":[{"taxonomy":"category","embeddable":true,"href":"https:\/\/www.caririemacao.com\/1\/wp-json\/wp\/v2\/categories?post=158611"},{"taxonomy":"post_tag","embeddable":true,"href":"https:\/\/www.caririemacao.com\/1\/wp-json\/wp\/v2\/tags?post=158611"}],"curies":[{"name":"wp","href":"https:\/\/api.w.org\/{rel}","templated":true}]}}