{"id":158614,"date":"2020-03-18T08:27:36","date_gmt":"2020-03-18T11:27:36","guid":{"rendered":"http:\/\/www.caririemacao.com\/1\/?p=158614"},"modified":"2020-03-18T08:27:39","modified_gmt":"2020-03-18T11:27:39","slug":"parentes-do-primeiro-morto-pelo-coronavirus-no-brasil-revelam-que-ainda-nao-foram-submetidos-a-teste","status":"publish","type":"post","link":"https:\/\/www.caririemacao.com\/1\/2020\/03\/18\/parentes-do-primeiro-morto-pelo-coronavirus-no-brasil-revelam-que-ainda-nao-foram-submetidos-a-teste\/","title":{"rendered":"Parentes do primeiro morto pelo coronav\u00edrus no Brasil revelam que ainda n\u00e3o foram submetidos a teste"},"content":{"rendered":"\n<p>Passadas mais de 24 horas desde a morte do primeiro brasileiro v\u00edtima da Covid-19, familiares que moravam com ele no bairro Para\u00edso, na Zona Sul de S\u00e3o Paulo, e que tamb\u00e9m apresentam sintomas semelhantes aos da doen\u00e7a, ainda n\u00e3o haviam sido submetidos a testes para detec\u00e7\u00e3o do coronav\u00edrus na tarde desta ter\u00e7a-feira.<\/p>\n\n\n\n<p>Porteiro aposentado e homem de origem humilde, a v\u00edtima de 62 anos era hipertenso e diab\u00e9tico. Ele internou-se no \u00faltimo s\u00e1bado no Hospital Sancta Maggiori, da rede PreventSenior, perto de casa, porque se sentia mal havia pelo menos quatro dias.<br><\/p>\n\n\n\n<p>Segundo familiares, seu quadro foi agravado por uma pneumonia repentina. Ele morreu na manh\u00e3 desta segunda-feira, v\u00edtima do coronav\u00edrus, segundo atestou exame divulgado nesta ter\u00e7a. O enterro foi nesta manh\u00e3, na Zona Sul de S\u00e3o Paulo.<br><\/p>\n\n\n\n<p>Nos \u00faltimos dias, ele teve conv\u00edvio pr\u00f3ximo com o pai de 83 anos, a m\u00e3e de 82, o irm\u00e3o de 61, e as duas irm\u00e3s, de 60 e 55. Ao GLOBO o irm\u00e3o da v\u00edtima disse que os cinco parentes relataram nos \u00faltimos dias sintomas como tosse, febre e falta de ar, mas n\u00e3o conseguiram fazer o teste para coronav\u00edrus.<br><\/p>\n\n\n\n<p>\u2014 Agora a gente fica achando que todo mundo est\u00e1 com coronav\u00edrus, essa praga miser\u00e1vel, Deus me perdoe \u2014 afirma o irm\u00e3o, tamb\u00e9m porteiro aposentado.<\/p>\n\n\n\n<p>Nos \u00faltimos dias, ele diz ter procurado atendimento para ele em um pronto-socorro na Zona Sul de S\u00e3o Paulo, da rede municipal.<br><\/p>\n\n\n\n<p>\u2014 Fizeram um raio-X, disseram que meu pulm\u00e3o est\u00e1 um pouco carregado, mas que \u00e9 s\u00f3 gripe, me mandaram para casa. Pedi para fazer o exame do coronav\u00edrus, mas disseram que n\u00e3o tinha \u2014 afirma o porteiro aposentado.<\/p>\n\n\n\n<p>Ao GLOBO, ele diz ainda se sentir mal. Depois da confirma\u00e7\u00e3o do diagn\u00f3stico do irm\u00e3o, optou por evitar sair de casa nos pr\u00f3ximos dias, mesmo sem saber se est\u00e1 ou n\u00e3o com o v\u00edrus.<br><\/p>\n\n\n\n<p>\u2014 D\u00e1 uma suadeira. Voc\u00ea sua, sua, parece que t\u00e1 morrendo, mas depois passa. Depois vem uma fraqueza danada. A gente est\u00e1 tomando vitamina, mas n\u00e3o tenho plano, dependo do SUS \u2014 diz o irm\u00e3o da v\u00edtima.<\/p>\n\n\n\n<p>At\u00e9 a tarde desta ter\u00e7a-feira, ele e seus familiares n\u00e3o haviam recebido qualquer orienta\u00e7\u00e3o ou visita de agente p\u00fablico de sa\u00fade para tratar do risco a que foram submetidos, por causa da doen\u00e7a que matou o irm\u00e3o.<br><\/p>\n\n\n\n<p>Segundo ele, a m\u00e3e, o pai e as duas irm\u00e3s tamb\u00e9m est\u00e3o com sintomas de desconforto respirat\u00f3rio. O pai, em casa, est\u00e1 tomando antibi\u00f3ticos. Ao buscar atendimento nesta ter\u00e7a, em uma unidade de sa\u00fade privada, lhe informaram que n\u00e3o era poss\u00edvel fazer o teste.<br><\/p>\n\n\n\n<p>\u2014 Um absurdo recusarem o teste, ele teve febre, tosse. Dizem que a m\u00eddia chamou aten\u00e7\u00e3o demais pro problema e que n\u00e3o tem mais como fazer teste em todo mundo. Como ele pode vir pra casa? \u2014 pergunta.<\/p>\n\n\n\n<p>A m\u00e3e e uma irm\u00e3 est\u00e3o internadas no pronto-socorro do Hospital Brigadeiro, da rede estadual, pr\u00f3ximo ao local onde o pai teve o teste recusado. Segundo o irm\u00e3o da v\u00edtima, as duas tamb\u00e9m n\u00e3o foram submetidas a teste.<\/p>\n\n\n\n<p>\u2014 A gente tentando sempre tomar cuidado, indo no m\u00e9dico direto. Agora n\u00e3o sei mais o que vai ser. Pegou uma fam\u00edlia inteira. Estamos na m\u00e3o de Deus \u2014 disse.<\/p>\n","protected":false},"excerpt":{"rendered":"<p>Passadas mais de 24 horas desde a morte do primeiro brasileiro v\u00edtima da Covid-19, familiares que moravam com ele no bairro Para\u00edso, na Zona Sul&hellip; <\/p>\n","protected":false},"author":2,"featured_media":158615,"comment_status":"closed","ping_status":"closed","sticky":false,"template":"","format":"standard","meta":{"sfsi_plus_gutenberg_text_before_share":"","sfsi_plus_gutenberg_show_text_before_share":"","sfsi_plus_gutenberg_icon_type":"","sfsi_plus_gutenberg_icon_alignemt":"","sfsi_plus_gutenburg_max_per_row":"","footnotes":""},"categories":[16],"tags":[],"class_list":["post-158614","post","type-post","status-publish","format-standard","has-post-thumbnail","hentry","category-saude"],"_links":{"self":[{"href":"https:\/\/www.caririemacao.com\/1\/wp-json\/wp\/v2\/posts\/158614","targetHints":{"allow":["GET"]}}],"collection":[{"href":"https:\/\/www.caririemacao.com\/1\/wp-json\/wp\/v2\/posts"}],"about":[{"href":"https:\/\/www.caririemacao.com\/1\/wp-json\/wp\/v2\/types\/post"}],"author":[{"embeddable":true,"href":"https:\/\/www.caririemacao.com\/1\/wp-json\/wp\/v2\/users\/2"}],"replies":[{"embeddable":true,"href":"https:\/\/www.caririemacao.com\/1\/wp-json\/wp\/v2\/comments?post=158614"}],"version-history":[{"count":1,"href":"https:\/\/www.caririemacao.com\/1\/wp-json\/wp\/v2\/posts\/158614\/revisions"}],"predecessor-version":[{"id":158616,"href":"https:\/\/www.caririemacao.com\/1\/wp-json\/wp\/v2\/posts\/158614\/revisions\/158616"}],"wp:featuredmedia":[{"embeddable":true,"href":"https:\/\/www.caririemacao.com\/1\/wp-json\/wp\/v2\/media\/158615"}],"wp:attachment":[{"href":"https:\/\/www.caririemacao.com\/1\/wp-json\/wp\/v2\/media?parent=158614"}],"wp:term":[{"taxonomy":"category","embeddable":true,"href":"https:\/\/www.caririemacao.com\/1\/wp-json\/wp\/v2\/categories?post=158614"},{"taxonomy":"post_tag","embeddable":true,"href":"https:\/\/www.caririemacao.com\/1\/wp-json\/wp\/v2\/tags?post=158614"}],"curies":[{"name":"wp","href":"https:\/\/api.w.org\/{rel}","templated":true}]}}