{"id":158633,"date":"2020-03-18T08:36:40","date_gmt":"2020-03-18T11:36:40","guid":{"rendered":"http:\/\/www.caririemacao.com\/1\/?p=158633"},"modified":"2020-03-18T08:36:42","modified_gmt":"2020-03-18T11:36:42","slug":"cbf-informa-sobre-paralisacao-da-copa-do-nordeste","status":"publish","type":"post","link":"https:\/\/www.caririemacao.com\/1\/2020\/03\/18\/cbf-informa-sobre-paralisacao-da-copa-do-nordeste\/","title":{"rendered":"CBF informa sobre paralisa\u00e7\u00e3o da Copa do Nordeste"},"content":{"rendered":"\n<p>Depois de suspender os campeonatos nacionais por tempo indeterminado por causa da pandemia do novo coronav\u00edrus, a CBF (Confedera\u00e7\u00e3o Brasileira de Futebol) paralisou tamb\u00e9m a Copa do Nordeste.<\/p>\n\n\n\n<p>A decis\u00e3o foi tomada nesta ter\u00e7a-feira (17), ap\u00f3s delibera\u00e7\u00e3o da Associa\u00e7\u00e3o de Clubes de Futebol do Nordeste.<\/p>\n\n\n\n<p>Faltava uma rodada para o t\u00e9rmino da primeira fase, que classificaria oito times para as quartas de final. O torneio re\u00fane 16 equipes da regi\u00e3o Nordeste.<\/p>\n\n\n\n<p>Alguns clubes defendiam que a rodada derradeira da etapa de classifica\u00e7\u00e3o fosse disputada sem p\u00fablico, para defini\u00e7\u00e3o dos mata-matas. A maioria definiu, no entanto, que a interrup\u00e7\u00e3o deveria ser imediata.<\/p>\n\n\n\n<p>\u201cA CBF segue em permanente monitoramento, unindo esfor\u00e7os para que o pa\u00eds e o esporte superem o grande desafio em rela\u00e7\u00e3o \u00e0 pandemia, torcendo para que, o quanto antes, possamos voltar \u00e0 normalidade\u201d, diz o comunicado divulgado pela confedera\u00e7\u00e3o.<\/p>\n","protected":false},"excerpt":{"rendered":"<p>Depois de suspender os campeonatos nacionais por tempo indeterminado por causa da pandemia do novo coronav\u00edrus, a CBF (Confedera\u00e7\u00e3o Brasileira de Futebol) paralisou tamb\u00e9m a&hellip; <\/p>\n","protected":false},"author":2,"featured_media":158634,"comment_status":"closed","ping_status":"closed","sticky":false,"template":"","format":"standard","meta":{"sfsi_plus_gutenberg_text_before_share":"","sfsi_plus_gutenberg_show_text_before_share":"","sfsi_plus_gutenberg_icon_type":"","sfsi_plus_gutenberg_icon_alignemt":"","sfsi_plus_gutenburg_max_per_row":"","footnotes":""},"categories":[2],"tags":[],"class_list":["post-158633","post","type-post","status-publish","format-standard","has-post-thumbnail","hentry","category-geral"],"_links":{"self":[{"href":"https:\/\/www.caririemacao.com\/1\/wp-json\/wp\/v2\/posts\/158633","targetHints":{"allow":["GET"]}}],"collection":[{"href":"https:\/\/www.caririemacao.com\/1\/wp-json\/wp\/v2\/posts"}],"about":[{"href":"https:\/\/www.caririemacao.com\/1\/wp-json\/wp\/v2\/types\/post"}],"author":[{"embeddable":true,"href":"https:\/\/www.caririemacao.com\/1\/wp-json\/wp\/v2\/users\/2"}],"replies":[{"embeddable":true,"href":"https:\/\/www.caririemacao.com\/1\/wp-json\/wp\/v2\/comments?post=158633"}],"version-history":[{"count":1,"href":"https:\/\/www.caririemacao.com\/1\/wp-json\/wp\/v2\/posts\/158633\/revisions"}],"predecessor-version":[{"id":158635,"href":"https:\/\/www.caririemacao.com\/1\/wp-json\/wp\/v2\/posts\/158633\/revisions\/158635"}],"wp:featuredmedia":[{"embeddable":true,"href":"https:\/\/www.caririemacao.com\/1\/wp-json\/wp\/v2\/media\/158634"}],"wp:attachment":[{"href":"https:\/\/www.caririemacao.com\/1\/wp-json\/wp\/v2\/media?parent=158633"}],"wp:term":[{"taxonomy":"category","embeddable":true,"href":"https:\/\/www.caririemacao.com\/1\/wp-json\/wp\/v2\/categories?post=158633"},{"taxonomy":"post_tag","embeddable":true,"href":"https:\/\/www.caririemacao.com\/1\/wp-json\/wp\/v2\/tags?post=158633"}],"curies":[{"name":"wp","href":"https:\/\/api.w.org\/{rel}","templated":true}]}}