{"id":158641,"date":"2020-03-18T09:59:21","date_gmt":"2020-03-18T12:59:21","guid":{"rendered":"http:\/\/www.caririemacao.com\/1\/?p=158641"},"modified":"2020-03-18T10:15:07","modified_gmt":"2020-03-18T13:15:07","slug":"general-testa-positivo-para-coronavirus","status":"publish","type":"post","link":"https:\/\/www.caririemacao.com\/1\/2020\/03\/18\/general-testa-positivo-para-coronavirus\/","title":{"rendered":"General Augusto Heleno testa positivo para coronav\u00edrus"},"content":{"rendered":"\n<p>O general Augusto Heleno, do&nbsp;GSI (Gabinete de Seguran\u00e7a Institucional), testou positivo para o coronav\u00edrus na manh\u00e3 desta quarta-feira (18).&nbsp;<\/p>\n\n\n\n<p>Heleno afirmou, em publica\u00e7\u00e3o no Twitter, que aguarda a contraprova da FioCruz (Funda\u00e7\u00e3o Oswaldo Cruz) para confirmar o diagn\u00f3stico.&nbsp;<\/p>\n\n\n\n<p>&#8220;Estou sem febre e n\u00e3o apresento qualquer dos sintomas relacionados ao COVID-19. Estou isolado, em casa, e n\u00e3o atenderei telefonemas&#8221;, afirmou.&nbsp;<\/p>\n\n\n\n<p>Heleno integrou a comitiva presidencial que viajou aos Estados Unidos no in\u00edcio de mar\u00e7o.&nbsp;<\/p>\n\n\n\n<p>O primeiro caso confirmado entre os participantes da viagem foi o do&nbsp;secret\u00e1rio de Comunica\u00e7\u00e3o da Presid\u00eancia, Fabio Wajngarten, no dia 12 de mar\u00e7o deste ano. O secret\u00e1rio est\u00e1 em quarentena domiciliar e s\u00f3 retornar\u00e1 ao trabalho quando n\u00e3o houver risco de transmiss\u00e3o da doen\u00e7a<\/p>\n\n\n\n<p>Portal R7<\/p>\n","protected":false},"excerpt":{"rendered":"<p>O general Augusto Heleno, do&nbsp;GSI (Gabinete de Seguran\u00e7a Institucional), testou positivo para o coronav\u00edrus na manh\u00e3 desta quarta-feira (18).&nbsp; Heleno afirmou, em publica\u00e7\u00e3o no Twitter,&hellip; <\/p>\n","protected":false},"author":1,"featured_media":158642,"comment_status":"closed","ping_status":"closed","sticky":false,"template":"","format":"standard","meta":{"sfsi_plus_gutenberg_text_before_share":"","sfsi_plus_gutenberg_show_text_before_share":"","sfsi_plus_gutenberg_icon_type":"","sfsi_plus_gutenberg_icon_alignemt":"","sfsi_plus_gutenburg_max_per_row":"","footnotes":""},"categories":[50],"tags":[],"class_list":["post-158641","post","type-post","status-publish","format-standard","has-post-thumbnail","hentry","category-destaque"],"_links":{"self":[{"href":"https:\/\/www.caririemacao.com\/1\/wp-json\/wp\/v2\/posts\/158641","targetHints":{"allow":["GET"]}}],"collection":[{"href":"https:\/\/www.caririemacao.com\/1\/wp-json\/wp\/v2\/posts"}],"about":[{"href":"https:\/\/www.caririemacao.com\/1\/wp-json\/wp\/v2\/types\/post"}],"author":[{"embeddable":true,"href":"https:\/\/www.caririemacao.com\/1\/wp-json\/wp\/v2\/users\/1"}],"replies":[{"embeddable":true,"href":"https:\/\/www.caririemacao.com\/1\/wp-json\/wp\/v2\/comments?post=158641"}],"version-history":[{"count":2,"href":"https:\/\/www.caririemacao.com\/1\/wp-json\/wp\/v2\/posts\/158641\/revisions"}],"predecessor-version":[{"id":158644,"href":"https:\/\/www.caririemacao.com\/1\/wp-json\/wp\/v2\/posts\/158641\/revisions\/158644"}],"wp:featuredmedia":[{"embeddable":true,"href":"https:\/\/www.caririemacao.com\/1\/wp-json\/wp\/v2\/media\/158642"}],"wp:attachment":[{"href":"https:\/\/www.caririemacao.com\/1\/wp-json\/wp\/v2\/media?parent=158641"}],"wp:term":[{"taxonomy":"category","embeddable":true,"href":"https:\/\/www.caririemacao.com\/1\/wp-json\/wp\/v2\/categories?post=158641"},{"taxonomy":"post_tag","embeddable":true,"href":"https:\/\/www.caririemacao.com\/1\/wp-json\/wp\/v2\/tags?post=158641"}],"curies":[{"name":"wp","href":"https:\/\/api.w.org\/{rel}","templated":true}]}}