{"id":158676,"date":"2020-03-18T11:01:54","date_gmt":"2020-03-18T14:01:54","guid":{"rendered":"http:\/\/www.caririemacao.com\/1\/?p=158676"},"modified":"2020-03-18T11:01:56","modified_gmt":"2020-03-18T14:01:56","slug":"amparo-palestras-sobre-prevencao-ao-coronavirus-sao-realizadas-pela-secretaria-de-saude","status":"publish","type":"post","link":"https:\/\/www.caririemacao.com\/1\/2020\/03\/18\/amparo-palestras-sobre-prevencao-ao-coronavirus-sao-realizadas-pela-secretaria-de-saude\/","title":{"rendered":"Amparo: palestras sobre preven\u00e7\u00e3o ao Coronav\u00edrus s\u00e3o realizadas pela secretaria de sa\u00fade"},"content":{"rendered":"\n<p>A Secretaria de Sa\u00fade Amparo esteve realizando durante a \u00faltima ter\u00e7a-feira (17) palestras nas Escolas da Rede Publica no munic\u00edpio. As palestras visaram alertar e conscientizar os alunos sobre os riscos do Coronavirus, o novo v\u00edrus que est\u00e1 causando v\u00e1rias mortes em todo o mundo.<\/p>\n\n\n\n<p>A Secret\u00e1ria de Sa\u00fade Ver\u00f4nica Rafael esteve presente com a equipe da sa\u00fade, composta pelo M\u00e9dico Dr\u00ba Vladimir C\u00e2mara, a Enfermeira Roberta, a Equipe do NASF e da Sa\u00fade da Fam\u00edlia.<br><\/p>\n\n\n\n<figure class=\"wp-block-image\"><a href=\"https:\/\/1.bp.blogspot.com\/-XPA1Jvrdmrk\/XnIdcSdx2fI\/AAAAAAABKw8\/r3HdDzdKLfcBgbjVuV_vi2UT0FjlJSNQACLcBGAsYHQ\/s1600\/PREVEN%25C3%2587%25C3%2583O%2BCORONA%2BVIRUS%2B%252837%2529.jpg\"><img decoding=\"async\" data-src=\"https:\/\/1.bp.blogspot.com\/-XPA1Jvrdmrk\/XnIdcSdx2fI\/AAAAAAABKw8\/r3HdDzdKLfcBgbjVuV_vi2UT0FjlJSNQACLcBGAsYHQ\/s640\/PREVEN%25C3%2587%25C3%2583O%2BCORONA%2BVIRUS%2B%252837%2529.jpg\" alt=\"\" src=\"data:image\/svg+xml;base64,PHN2ZyB3aWR0aD0iMSIgaGVpZ2h0PSIxIiB4bWxucz0iaHR0cDovL3d3dy53My5vcmcvMjAwMC9zdmciPjwvc3ZnPg==\" class=\"lazyload\" \/><\/a><\/figure>\n\n\n\n<p><a href=\"https:\/\/1.bp.blogspot.com\/-k4kS37A3k7A\/XnIbt3H_h4I\/AAAAAAABKt8\/Kh6ivSwD5GA4-uTzevykdl50clI9a4gVgCLcBGAsYHQ\/s1600\/PREVEN%25C3%2587%25C3%2583O%2BCORONA%2BVIRUS%2B%252837%2529.jpg\"><\/a>Durante a manh\u00e3, a equipe se dirigiu at\u00e9 a Escola Juvenal Ferreira de Brito e o Col\u00e9gio Ildefonso A. da Silva para realizar palestras com as crian\u00e7as do Ensino Infantil. A tarde, a equipe realizou palestras no Ildefonso com as turmas do Ensino Fundamental e a noite, foi a vez dos alunos da Rede Estadual receberem as dicas sobre os cuidados.<\/p>\n\n\n\n<figure class=\"wp-block-image\"><a href=\"https:\/\/1.bp.blogspot.com\/-1WsSkmDR6e0\/XnIcc16fNzI\/AAAAAAABKu8\/pLzMfpX_Pq8rd1ogJ5s77z0gaob6TpPLwCLcBGAsYHQ\/s1600\/PREVEN%25C3%2587%25C3%2583O%2BCORONA%2BVIRUS%2B%25283%2529.JPG\"><img decoding=\"async\" data-src=\"https:\/\/1.bp.blogspot.com\/-1WsSkmDR6e0\/XnIcc16fNzI\/AAAAAAABKu8\/pLzMfpX_Pq8rd1ogJ5s77z0gaob6TpPLwCLcBGAsYHQ\/s640\/PREVEN%25C3%2587%25C3%2583O%2BCORONA%2BVIRUS%2B%25283%2529.JPG\" alt=\"\" src=\"data:image\/svg+xml;base64,PHN2ZyB3aWR0aD0iMSIgaGVpZ2h0PSIxIiB4bWxucz0iaHR0cDovL3d3dy53My5vcmcvMjAwMC9zdmciPjwvc3ZnPg==\" class=\"lazyload\" \/><\/a><\/figure>\n\n\n\n<p>Com Amparo Ligado<\/p>\n","protected":false},"excerpt":{"rendered":"<p>A Secretaria de Sa\u00fade Amparo esteve realizando durante a \u00faltima ter\u00e7a-feira (17) palestras nas Escolas da Rede Publica no munic\u00edpio. As palestras visaram alertar e&hellip; <\/p>\n","protected":false},"author":1,"featured_media":158681,"comment_status":"closed","ping_status":"closed","sticky":false,"template":"","format":"standard","meta":{"sfsi_plus_gutenberg_text_before_share":"","sfsi_plus_gutenberg_show_text_before_share":"","sfsi_plus_gutenberg_icon_type":"","sfsi_plus_gutenberg_icon_alignemt":"","sfsi_plus_gutenburg_max_per_row":"","footnotes":""},"categories":[6,50],"tags":[],"class_list":["post-158676","post","type-post","status-publish","format-standard","has-post-thumbnail","hentry","category-cidades","category-destaque"],"_links":{"self":[{"href":"https:\/\/www.caririemacao.com\/1\/wp-json\/wp\/v2\/posts\/158676","targetHints":{"allow":["GET"]}}],"collection":[{"href":"https:\/\/www.caririemacao.com\/1\/wp-json\/wp\/v2\/posts"}],"about":[{"href":"https:\/\/www.caririemacao.com\/1\/wp-json\/wp\/v2\/types\/post"}],"author":[{"embeddable":true,"href":"https:\/\/www.caririemacao.com\/1\/wp-json\/wp\/v2\/users\/1"}],"replies":[{"embeddable":true,"href":"https:\/\/www.caririemacao.com\/1\/wp-json\/wp\/v2\/comments?post=158676"}],"version-history":[{"count":1,"href":"https:\/\/www.caririemacao.com\/1\/wp-json\/wp\/v2\/posts\/158676\/revisions"}],"predecessor-version":[{"id":158686,"href":"https:\/\/www.caririemacao.com\/1\/wp-json\/wp\/v2\/posts\/158676\/revisions\/158686"}],"wp:featuredmedia":[{"embeddable":true,"href":"https:\/\/www.caririemacao.com\/1\/wp-json\/wp\/v2\/media\/158681"}],"wp:attachment":[{"href":"https:\/\/www.caririemacao.com\/1\/wp-json\/wp\/v2\/media?parent=158676"}],"wp:term":[{"taxonomy":"category","embeddable":true,"href":"https:\/\/www.caririemacao.com\/1\/wp-json\/wp\/v2\/categories?post=158676"},{"taxonomy":"post_tag","embeddable":true,"href":"https:\/\/www.caririemacao.com\/1\/wp-json\/wp\/v2\/tags?post=158676"}],"curies":[{"name":"wp","href":"https:\/\/api.w.org\/{rel}","templated":true}]}}