{"id":158680,"date":"2020-03-18T11:00:23","date_gmt":"2020-03-18T14:00:23","guid":{"rendered":"http:\/\/www.caririemacao.com\/1\/?p=158680"},"modified":"2020-03-18T11:00:26","modified_gmt":"2020-03-18T14:00:26","slug":"nenhum-sistema-de-saude-esta-100-preparado-destaca-ministro","status":"publish","type":"post","link":"https:\/\/www.caririemacao.com\/1\/2020\/03\/18\/nenhum-sistema-de-saude-esta-100-preparado-destaca-ministro\/","title":{"rendered":"\u201cNenhum sistema de sa\u00fade est\u00e1 100% preparado\u201d, destaca ministro"},"content":{"rendered":"\n<p>&nbsp;O ministro da Sa\u00fade, Luiz Henrique Mandetta, disse nesta ter\u00e7a-feira (17) que nenhum sistema de sa\u00fade est\u00e1 100% preparado para atendimentos em larga escala diante do avan\u00e7o do novo coronav\u00edrus.<\/p>\n\n\n\n<p>\u201c\u00c9 uma doen\u00e7a que tem abalado sistemas de sa\u00fade do mundo inteiro. N\u00e3o existe nenhum pa\u00eds do mundo com um sistema de sa\u00fade 100% preparado para ser em massa acionado para testes, diagn\u00f3stico, interna\u00e7\u00e3o, isolamento e leitos em CTI\u201d, afirma.<\/p>\n\n\n\n<p>\u201cEstamos vendo pa\u00edses de primeiro mundo tendo problemas graves em rela\u00e7\u00e3o a colapso de sistemas de sa\u00fade. O Brasil tem sistema minimamente consolidado e estamos procurando aumentar a capacidade instalada.\u201d<\/p>\n\n\n\n<p>Nesta ter\u00e7a, o minist\u00e9rio confirmou a primeira morte relacionada ao novo coronav\u00edrus. Trata-se de um paciente de 62 anos atendido em S\u00e3o Paulo e que tinha hist\u00f3rico de diabetes e hipertens\u00e3o.<\/p>\n\n\n\n<p>O n\u00famero de casos confirmados no pa\u00eds tamb\u00e9m passou de 234 para 291. J\u00e1 o n\u00famero de casos em investiga\u00e7\u00e3o passou de 2.064 para 8.819.<\/p>\n\n\n\n<p>A pasta atribui o avan\u00e7o a uma mudan\u00e7a no sistema para inser\u00e7\u00e3o autom\u00e1tica de dados em an\u00e1lise pelos estados.<\/p>\n\n\n\n<p>Segundo Mandetta, o Brasil deve enfrentar o pico do novo coronav\u00edrus entre 60 e 90 dias. A estimativa \u00e9 que os n\u00fameros de casos sejam elevados entre os meses de abril e junho e passem a atingir a estabilidade a partir de julho.<\/p>\n\n\n\n<p>\u201cN\u00f3s estamos imaginando que n\u00f3s vamos trabalhar com n\u00fameros ascendentes, espirais em abril, maio, junho. N\u00f3s vamos passar a\u00ed 60 a 90 dias de muito estresse para que quando chegarmos ao fim de junho, julho, a gente imagina que entra no plat\u00f4. Agosto, setembro a gente deve estar voltando desde que a gente construa a chamada imunidade de mais de 50% das pessoas\u201d, afirmou.<\/p>\n\n\n\n<p>O ministro disse ainda que medidas restritivas no pa\u00eds poder\u00e3o ser elevadas neste per\u00edodo, mas n\u00e3o deu detalhes de quais.<\/p>\n\n\n\n<p>Ainda de acordo com Mandetta, a pasta j\u00e1 analisa a possibilidade de usar estruturas n\u00e3o previstas na rede de sa\u00fade para atendimento, como escolas e cont\u00eaineres.<\/p>\n\n\n\n<p>\u201cVamos precisar de muitos mais, muitos leitos para pacientes que n\u00e3o s\u00e3o graves para CTI, e n\u00e3o s\u00e3o leves suficientes para casa. Isso pode exigir hospitais de campanha, improvisa\u00e7\u00e3o de escolas e transforma\u00e7\u00e3o de leitos que n\u00e3o s\u00e3o cl\u00e1ssicos de hospitais\u201d, disse.<\/p>\n\n\n\n<p>Ele voltou a pedir que diretores de hospitais revisem a ocupa\u00e7\u00e3o de leitos e suspendam cirurgias eletivas (programadas).<\/p>\n\n\n\n<p>As a\u00e7\u00f5es fazem parte de um conjunto de medidas para garantir aumento de capacidade de atendimento na rede. Nos \u00faltimos dias, o minist\u00e9rio tamb\u00e9m passou a liberar leitos extras de UTI para serem repassados aos estados.<\/p>\n\n\n\n<p>Tamb\u00e9m j\u00e1 avalia ampliar o uso de telemedicina \u2013incluindo para atendimento direto a pacientes, e n\u00e3o apenas entre m\u00e9dicos como segunda opini\u00e3o.<\/p>\n\n\n\n<p>A estimativa da pasta \u00e9 de que 15% dos pacientes precisar\u00e3o de atendimento hospitalar, enquanto 85% poder\u00e3o se recuperar em casa, com uso de antit\u00e9rmico e orienta\u00e7\u00e3o m\u00e9dica b\u00e1sica.<\/p>\n\n\n\n<p>Para evitar conter a gravidade dos casos, Mandetta tamb\u00e9m fez um apelo para que haja prote\u00e7\u00e3o de idosos e que seja evitado o contato desse p\u00fablico com crian\u00e7as.<\/p>\n\n\n\n<p>\u201cLigar no telefone para perguntar como est\u00e1, mas n\u00e3o levar as crian\u00e7as sistematicamente. Muitas s\u00e3o assintom\u00e1ticas. Conversar, dialogar e proteger. O momento \u00e9 de prote\u00e7\u00e3o. Quantos menos idosos tivermos com essa gripe, menos press\u00e3o nos leitos de CTI\u201d, disse.<\/p>\n\n\n\n<p>Com a previs\u00e3o de aumento de casos nas pr\u00f3ximas semanas, o minist\u00e9rio ir\u00e1 abrir um edital para cadastramento de empresas que ofertam testes r\u00e1pidos que podem ser usados na rede de sa\u00fade. A medida deve ser publicada em edi\u00e7\u00e3o extra do Di\u00e1rio Oficial da Uni\u00e3o desta ter\u00e7a.<\/p>\n\n\n\n<p>\u201cN\u00f3s vamos chamar aqueles que querem colaborar, que mandam [ofertas] nos nossos emails, mandam para o Minist\u00e9rio da Sa\u00fade, todos ter\u00e3o prazo para falar: \u2018eu tenho essa solu\u00e7\u00e3o\u2019, \u2018eu tenho essa solu\u00e7\u00e3o para isso\u2019, mas mandar j\u00e1 com o seu componente cient\u00edfico para que o Minist\u00e9rio da Sa\u00fade veja se h\u00e1 viabilidade, se h\u00e1 inten\u00e7\u00e3o de aquisi\u00e7\u00e3o de outras tecnologias\u201d, disse o ministro.<\/p>\n\n\n\n<p>Ele afirma que as tecnologias s\u00f3 ser\u00e3o adotadas pelo governo se houver atestado sobre efic\u00e1cia.<\/p>\n\n\n\n<p>Em outra frente, a pasta pretende adquirir mais 45 mil testes laboratoriais at\u00e9 abril. Atualmente, h\u00e1 30 mil testes dispon\u00edveis.<\/p>\n\n\n\n<p>Apesar da amplia\u00e7\u00e3o do n\u00famero de testes, Mandetta diz que, com a confirma\u00e7\u00e3o de transmiss\u00e3o sustentada em algumas regi\u00f5es, a recomenda\u00e7\u00e3o da pasta \u00e9 que seja priorizada a testagem de pacientes internados com quadro respirat\u00f3rio grave.<\/p>\n\n\n\n<p>Nos demais, a an\u00e1lise deve ocorrer por meio de amostras coletadas em unidades sentinela na rede de sa\u00fade -visando verificar a circula\u00e7\u00e3o do v\u00edrus- e diagn\u00f3stico cl\u00ednico.<\/p>\n\n\n\n<p>\u201cO m\u00e9dico viu, \u00e9 um paciente jovem de 20 anos, o pai j\u00e1 teve e agora tem sintomas, e a gente por nexo causal notifica\u201d, afirma. \u201cOs nossos n\u00fameros dever\u00e3o retratar de maneira muito fidedigna o que os profissionais da ponta v\u00e3o observar na din\u00e2mica dessa doen\u00e7a.\u201d<\/p>\n","protected":false},"excerpt":{"rendered":"<p>&nbsp;O ministro da Sa\u00fade, Luiz Henrique Mandetta, disse nesta ter\u00e7a-feira (17) que nenhum sistema de sa\u00fade est\u00e1 100% preparado para atendimentos em larga escala diante&hellip; <\/p>\n","protected":false},"author":2,"featured_media":158682,"comment_status":"closed","ping_status":"closed","sticky":false,"template":"","format":"standard","meta":{"sfsi_plus_gutenberg_text_before_share":"","sfsi_plus_gutenberg_show_text_before_share":"","sfsi_plus_gutenberg_icon_type":"","sfsi_plus_gutenberg_icon_alignemt":"","sfsi_plus_gutenburg_max_per_row":"","footnotes":""},"categories":[2],"tags":[],"class_list":["post-158680","post","type-post","status-publish","format-standard","has-post-thumbnail","hentry","category-geral"],"_links":{"self":[{"href":"https:\/\/www.caririemacao.com\/1\/wp-json\/wp\/v2\/posts\/158680","targetHints":{"allow":["GET"]}}],"collection":[{"href":"https:\/\/www.caririemacao.com\/1\/wp-json\/wp\/v2\/posts"}],"about":[{"href":"https:\/\/www.caririemacao.com\/1\/wp-json\/wp\/v2\/types\/post"}],"author":[{"embeddable":true,"href":"https:\/\/www.caririemacao.com\/1\/wp-json\/wp\/v2\/users\/2"}],"replies":[{"embeddable":true,"href":"https:\/\/www.caririemacao.com\/1\/wp-json\/wp\/v2\/comments?post=158680"}],"version-history":[{"count":1,"href":"https:\/\/www.caririemacao.com\/1\/wp-json\/wp\/v2\/posts\/158680\/revisions"}],"predecessor-version":[{"id":158683,"href":"https:\/\/www.caririemacao.com\/1\/wp-json\/wp\/v2\/posts\/158680\/revisions\/158683"}],"wp:featuredmedia":[{"embeddable":true,"href":"https:\/\/www.caririemacao.com\/1\/wp-json\/wp\/v2\/media\/158682"}],"wp:attachment":[{"href":"https:\/\/www.caririemacao.com\/1\/wp-json\/wp\/v2\/media?parent=158680"}],"wp:term":[{"taxonomy":"category","embeddable":true,"href":"https:\/\/www.caririemacao.com\/1\/wp-json\/wp\/v2\/categories?post=158680"},{"taxonomy":"post_tag","embeddable":true,"href":"https:\/\/www.caririemacao.com\/1\/wp-json\/wp\/v2\/tags?post=158680"}],"curies":[{"name":"wp","href":"https:\/\/api.w.org\/{rel}","templated":true}]}}