{"id":158688,"date":"2020-03-18T11:03:45","date_gmt":"2020-03-18T14:03:45","guid":{"rendered":"http:\/\/www.caririemacao.com\/1\/?p=158688"},"modified":"2020-03-18T11:03:47","modified_gmt":"2020-03-18T14:03:47","slug":"zerado-imposto-de-importacao-de-produtos-medicos","status":"publish","type":"post","link":"https:\/\/www.caririemacao.com\/1\/2020\/03\/18\/zerado-imposto-de-importacao-de-produtos-medicos\/","title":{"rendered":"Zerado imposto de importa\u00e7\u00e3o de produtos m\u00e9dicos"},"content":{"rendered":"\n<p>&nbsp;Em uma nova uma medida para fazer frente \u00e0 crise do coronav\u00edrus, o governo Jair Bolsonaro (sem partido) baixou a zero o imposto de importa\u00e7\u00e3o sobre uma s\u00e9rie de produtos m\u00e9dicos e determinou que eles tenham tratamento priorit\u00e1rio nos tr\u00e2mites de libera\u00e7\u00e3o alfandeg\u00e1ria.<\/p>\n\n\n\n<p>A decis\u00e3o foi publicada em resolu\u00e7\u00e3o do Comit\u00ea Executivo de Gest\u00e3o da C\u00e2mara de Com\u00e9rcio Exterior. As al\u00edquotas para os produtos listados ficar\u00e3o zeradas at\u00e9 30 de setembro de 2020.<\/p>\n\n\n\n<p>A decis\u00e3o abarca dezenas de itens, entre eles \u00e1lcool et\u00edlico com teor igual ou superior a 70%; desinfetantes; gel antiss\u00e9pticos; vestu\u00e1rios e acess\u00f3rios pl\u00e1sticos de prote\u00e7\u00e3o; luvas e m\u00e1scaras cl\u00ednicas; artigos para uso cir\u00fargico; compressas; cateteres; respirados autom\u00e1ticos e term\u00f4metros.<\/p>\n","protected":false},"excerpt":{"rendered":"<p>&nbsp;Em uma nova uma medida para fazer frente \u00e0 crise do coronav\u00edrus, o governo Jair Bolsonaro (sem partido) baixou a zero o imposto de importa\u00e7\u00e3o&hellip; <\/p>\n","protected":false},"author":2,"featured_media":158689,"comment_status":"closed","ping_status":"closed","sticky":false,"template":"","format":"standard","meta":{"sfsi_plus_gutenberg_text_before_share":"","sfsi_plus_gutenberg_show_text_before_share":"","sfsi_plus_gutenberg_icon_type":"","sfsi_plus_gutenberg_icon_alignemt":"","sfsi_plus_gutenburg_max_per_row":"","footnotes":""},"categories":[2],"tags":[],"class_list":["post-158688","post","type-post","status-publish","format-standard","has-post-thumbnail","hentry","category-geral"],"_links":{"self":[{"href":"https:\/\/www.caririemacao.com\/1\/wp-json\/wp\/v2\/posts\/158688","targetHints":{"allow":["GET"]}}],"collection":[{"href":"https:\/\/www.caririemacao.com\/1\/wp-json\/wp\/v2\/posts"}],"about":[{"href":"https:\/\/www.caririemacao.com\/1\/wp-json\/wp\/v2\/types\/post"}],"author":[{"embeddable":true,"href":"https:\/\/www.caririemacao.com\/1\/wp-json\/wp\/v2\/users\/2"}],"replies":[{"embeddable":true,"href":"https:\/\/www.caririemacao.com\/1\/wp-json\/wp\/v2\/comments?post=158688"}],"version-history":[{"count":1,"href":"https:\/\/www.caririemacao.com\/1\/wp-json\/wp\/v2\/posts\/158688\/revisions"}],"predecessor-version":[{"id":158690,"href":"https:\/\/www.caririemacao.com\/1\/wp-json\/wp\/v2\/posts\/158688\/revisions\/158690"}],"wp:featuredmedia":[{"embeddable":true,"href":"https:\/\/www.caririemacao.com\/1\/wp-json\/wp\/v2\/media\/158689"}],"wp:attachment":[{"href":"https:\/\/www.caririemacao.com\/1\/wp-json\/wp\/v2\/media?parent=158688"}],"wp:term":[{"taxonomy":"category","embeddable":true,"href":"https:\/\/www.caririemacao.com\/1\/wp-json\/wp\/v2\/categories?post=158688"},{"taxonomy":"post_tag","embeddable":true,"href":"https:\/\/www.caririemacao.com\/1\/wp-json\/wp\/v2\/tags?post=158688"}],"curies":[{"name":"wp","href":"https:\/\/api.w.org\/{rel}","templated":true}]}}