{"id":158694,"date":"2020-03-18T11:08:02","date_gmt":"2020-03-18T14:08:02","guid":{"rendered":"http:\/\/www.caririemacao.com\/1\/?p=158694"},"modified":"2020-03-18T11:08:04","modified_gmt":"2020-03-18T14:08:04","slug":"homem-morre-apos-cair-de-cima-de-caminhao-em-rodovia-no-cariri","status":"publish","type":"post","link":"https:\/\/www.caririemacao.com\/1\/2020\/03\/18\/homem-morre-apos-cair-de-cima-de-caminhao-em-rodovia-no-cariri\/","title":{"rendered":"Homem morre ap\u00f3s cair de cima de caminh\u00e3o em rodovia no Cariri"},"content":{"rendered":"\n<p>Uma fatalidade foi registrada na noite desta \u00faltima ter\u00e7a-feira(17) na rodovia que liga a cidade do Congo ao Distrito de Pindur\u00e3o, que fica na divisa com o Estado de Pernambuco.<\/p>\n\n\n\n<p>Um homem morreu ap\u00f3s cair de cima de uma caminh\u00e3o carregado de coentro, no trecho conhecido como a \u201cCurva da Morte\u201d.<\/p>\n\n\n\n<p>De acordo com informa\u00e7\u00f5es apuradas pelo portal De Olho no Cariri, no momento em que caminh\u00e3o passava na \u201cCurva da Morte\u201d, o homem se descuidou e caiu. Ele chegou a ser socorrido, mas n\u00e3o resistiu aos ferimentos e veio a \u00f3bito.<\/p>\n\n\n\n<p><strong>De Olho no Cariri<\/strong><\/p>\n","protected":false},"excerpt":{"rendered":"<p>Uma fatalidade foi registrada na noite desta \u00faltima ter\u00e7a-feira(17) na rodovia que liga a cidade do Congo ao Distrito de Pindur\u00e3o, que fica na divisa&hellip; <\/p>\n","protected":false},"author":2,"featured_media":141770,"comment_status":"closed","ping_status":"closed","sticky":false,"template":"","format":"standard","meta":{"sfsi_plus_gutenberg_text_before_share":"","sfsi_plus_gutenberg_show_text_before_share":"","sfsi_plus_gutenberg_icon_type":"","sfsi_plus_gutenberg_icon_alignemt":"","sfsi_plus_gutenburg_max_per_row":"","footnotes":""},"categories":[2],"tags":[],"class_list":["post-158694","post","type-post","status-publish","format-standard","has-post-thumbnail","hentry","category-geral"],"_links":{"self":[{"href":"https:\/\/www.caririemacao.com\/1\/wp-json\/wp\/v2\/posts\/158694","targetHints":{"allow":["GET"]}}],"collection":[{"href":"https:\/\/www.caririemacao.com\/1\/wp-json\/wp\/v2\/posts"}],"about":[{"href":"https:\/\/www.caririemacao.com\/1\/wp-json\/wp\/v2\/types\/post"}],"author":[{"embeddable":true,"href":"https:\/\/www.caririemacao.com\/1\/wp-json\/wp\/v2\/users\/2"}],"replies":[{"embeddable":true,"href":"https:\/\/www.caririemacao.com\/1\/wp-json\/wp\/v2\/comments?post=158694"}],"version-history":[{"count":1,"href":"https:\/\/www.caririemacao.com\/1\/wp-json\/wp\/v2\/posts\/158694\/revisions"}],"predecessor-version":[{"id":158695,"href":"https:\/\/www.caririemacao.com\/1\/wp-json\/wp\/v2\/posts\/158694\/revisions\/158695"}],"wp:featuredmedia":[{"embeddable":true,"href":"https:\/\/www.caririemacao.com\/1\/wp-json\/wp\/v2\/media\/141770"}],"wp:attachment":[{"href":"https:\/\/www.caririemacao.com\/1\/wp-json\/wp\/v2\/media?parent=158694"}],"wp:term":[{"taxonomy":"category","embeddable":true,"href":"https:\/\/www.caririemacao.com\/1\/wp-json\/wp\/v2\/categories?post=158694"},{"taxonomy":"post_tag","embeddable":true,"href":"https:\/\/www.caririemacao.com\/1\/wp-json\/wp\/v2\/tags?post=158694"}],"curies":[{"name":"wp","href":"https:\/\/api.w.org\/{rel}","templated":true}]}}