{"id":158700,"date":"2020-03-18T11:12:40","date_gmt":"2020-03-18T14:12:40","guid":{"rendered":"http:\/\/www.caririemacao.com\/1\/?p=158700"},"modified":"2020-03-18T11:12:43","modified_gmt":"2020-03-18T14:12:43","slug":"detran-pb-suspende-atendimento-ao-publico-por-tempo-indeterminado","status":"publish","type":"post","link":"https:\/\/www.caririemacao.com\/1\/2020\/03\/18\/detran-pb-suspende-atendimento-ao-publico-por-tempo-indeterminado\/","title":{"rendered":"Detran-PB suspende atendimento ao p\u00fablico por tempo indeterminado"},"content":{"rendered":"\n<p>O Detran-PB emitiu um comunicado nesta quarta-feira (18), nas suas redes sociais, suspendendo o atendimento ao p\u00fablico at\u00e9 segunda ordem. De acordo com a informa\u00e7\u00e3o, est\u00e3o suspensos os atendimentos na sede em Mangabeira, na Ciretrans e nos postos de tr\u00e2nsito.&nbsp;<\/p>\n\n\n\n<p>O Detran informa que a suspens\u00e3o segue a Normativa 01 do Governo do Estado.&nbsp;<\/p>\n\n\n\n<p>Uma portaria dever\u00e1 ser publicada at\u00e9 o final do dia orientando sobre os procedimentos.&nbsp;<\/p>\n\n\n\n<figure><iframe data-src=\"https:\/\/www.instagram.com\/p\/B94INiXpXLp\/embed\/captioned\/?cr=1&amp;v=12&amp;wp=540&amp;rd=https%3A%2F%2Fwww.clickpb.com.br&amp;rp=%2Fadmin%2Fportal%2Fportalarticle%2Fadd%2F#%7B%22ci%22%3A0%2C%22os%22%3A224117.24499997217%2C%22ls%22%3A224106.69000004418%2C%22le%22%3A224111.050000065%7D\" allowfullscreen=\"true\" height=\"774\" src=\"data:image\/svg+xml;base64,PHN2ZyB3aWR0aD0iMSIgaGVpZ2h0PSIxIiB4bWxucz0iaHR0cDovL3d3dy53My5vcmcvMjAwMC9zdmciPjwvc3ZnPg==\" class=\"lazyload\" data-load-mode=\"1\"><\/iframe><\/figure>\n","protected":false},"excerpt":{"rendered":"<p>O Detran-PB emitiu um comunicado nesta quarta-feira (18), nas suas redes sociais, suspendendo o atendimento ao p\u00fablico at\u00e9 segunda ordem. De acordo com a informa\u00e7\u00e3o,&hellip; <\/p>\n","protected":false},"author":2,"featured_media":158702,"comment_status":"closed","ping_status":"closed","sticky":false,"template":"","format":"standard","meta":{"sfsi_plus_gutenberg_text_before_share":"","sfsi_plus_gutenberg_show_text_before_share":"","sfsi_plus_gutenberg_icon_type":"","sfsi_plus_gutenberg_icon_alignemt":"","sfsi_plus_gutenburg_max_per_row":"","footnotes":""},"categories":[2],"tags":[],"class_list":["post-158700","post","type-post","status-publish","format-standard","has-post-thumbnail","hentry","category-geral"],"_links":{"self":[{"href":"https:\/\/www.caririemacao.com\/1\/wp-json\/wp\/v2\/posts\/158700","targetHints":{"allow":["GET"]}}],"collection":[{"href":"https:\/\/www.caririemacao.com\/1\/wp-json\/wp\/v2\/posts"}],"about":[{"href":"https:\/\/www.caririemacao.com\/1\/wp-json\/wp\/v2\/types\/post"}],"author":[{"embeddable":true,"href":"https:\/\/www.caririemacao.com\/1\/wp-json\/wp\/v2\/users\/2"}],"replies":[{"embeddable":true,"href":"https:\/\/www.caririemacao.com\/1\/wp-json\/wp\/v2\/comments?post=158700"}],"version-history":[{"count":1,"href":"https:\/\/www.caririemacao.com\/1\/wp-json\/wp\/v2\/posts\/158700\/revisions"}],"predecessor-version":[{"id":158703,"href":"https:\/\/www.caririemacao.com\/1\/wp-json\/wp\/v2\/posts\/158700\/revisions\/158703"}],"wp:featuredmedia":[{"embeddable":true,"href":"https:\/\/www.caririemacao.com\/1\/wp-json\/wp\/v2\/media\/158702"}],"wp:attachment":[{"href":"https:\/\/www.caririemacao.com\/1\/wp-json\/wp\/v2\/media?parent=158700"}],"wp:term":[{"taxonomy":"category","embeddable":true,"href":"https:\/\/www.caririemacao.com\/1\/wp-json\/wp\/v2\/categories?post=158700"},{"taxonomy":"post_tag","embeddable":true,"href":"https:\/\/www.caririemacao.com\/1\/wp-json\/wp\/v2\/tags?post=158700"}],"curies":[{"name":"wp","href":"https:\/\/api.w.org\/{rel}","templated":true}]}}