{"id":158701,"date":"2020-03-18T11:18:05","date_gmt":"2020-03-18T14:18:05","guid":{"rendered":"http:\/\/www.caririemacao.com\/1\/?p=158701"},"modified":"2020-03-18T11:18:11","modified_gmt":"2020-03-18T14:18:11","slug":"presidente-da-camara-de-sume-adota-medidas-preventivas-em-relacao-ao-coronavirus","status":"publish","type":"post","link":"https:\/\/www.caririemacao.com\/1\/2020\/03\/18\/presidente-da-camara-de-sume-adota-medidas-preventivas-em-relacao-ao-coronavirus\/","title":{"rendered":"Presidente da C\u00e2mara de Sum\u00e9 adota medidas preventivas em rela\u00e7\u00e3o ao coronav\u00edrus"},"content":{"rendered":"\n<p>0 Presidente da C\u00e2mara Municipal de Sum\u00e9 Le\u00f4nidas Albino (bomba) mostrou sua preocupa\u00e7\u00e3o, juntamente com os demais pares da casa legislativa, adotando medidas preventivas em rela\u00e7\u00e3o ao avan\u00e7o do CORONAV\u00cdRUS. <\/p>\n\n\n\n<p>Diante disso, o presidente informa que as pr\u00f3ximas sess\u00f5es ser\u00e3o de forma interna (sem a presen\u00e7a do p\u00fablico) evitando aglomera\u00e7\u00e3o de pessoas.<\/p>\n\n\n\n<p>A casa legislativa estar\u00e1 voltando ao normal com a presen\u00e7a do p\u00fablico, mediante informa\u00e7\u00f5es das autoridades de sa\u00fade do munic\u00edpio.<\/p>\n\n\n\n<p>Le\u00f4nidas Albino Presidente.<br>Sum\u00e9,18\/03\/20<\/p>\n","protected":false},"excerpt":{"rendered":"<p>0 Presidente da C\u00e2mara Municipal de Sum\u00e9 Le\u00f4nidas Albino (bomba) mostrou sua preocupa\u00e7\u00e3o, juntamente com os demais pares da casa legislativa, adotando medidas preventivas em&hellip; <\/p>\n","protected":false},"author":1,"featured_media":158706,"comment_status":"closed","ping_status":"closed","sticky":false,"template":"","format":"standard","meta":{"sfsi_plus_gutenberg_text_before_share":"","sfsi_plus_gutenberg_show_text_before_share":"","sfsi_plus_gutenberg_icon_type":"","sfsi_plus_gutenberg_icon_alignemt":"","sfsi_plus_gutenburg_max_per_row":"","footnotes":""},"categories":[1],"tags":[],"class_list":["post-158701","post","type-post","status-publish","format-standard","has-post-thumbnail","hentry","category-o-site"],"_links":{"self":[{"href":"https:\/\/www.caririemacao.com\/1\/wp-json\/wp\/v2\/posts\/158701","targetHints":{"allow":["GET"]}}],"collection":[{"href":"https:\/\/www.caririemacao.com\/1\/wp-json\/wp\/v2\/posts"}],"about":[{"href":"https:\/\/www.caririemacao.com\/1\/wp-json\/wp\/v2\/types\/post"}],"author":[{"embeddable":true,"href":"https:\/\/www.caririemacao.com\/1\/wp-json\/wp\/v2\/users\/1"}],"replies":[{"embeddable":true,"href":"https:\/\/www.caririemacao.com\/1\/wp-json\/wp\/v2\/comments?post=158701"}],"version-history":[{"count":1,"href":"https:\/\/www.caririemacao.com\/1\/wp-json\/wp\/v2\/posts\/158701\/revisions"}],"predecessor-version":[{"id":158707,"href":"https:\/\/www.caririemacao.com\/1\/wp-json\/wp\/v2\/posts\/158701\/revisions\/158707"}],"wp:featuredmedia":[{"embeddable":true,"href":"https:\/\/www.caririemacao.com\/1\/wp-json\/wp\/v2\/media\/158706"}],"wp:attachment":[{"href":"https:\/\/www.caririemacao.com\/1\/wp-json\/wp\/v2\/media?parent=158701"}],"wp:term":[{"taxonomy":"category","embeddable":true,"href":"https:\/\/www.caririemacao.com\/1\/wp-json\/wp\/v2\/categories?post=158701"},{"taxonomy":"post_tag","embeddable":true,"href":"https:\/\/www.caririemacao.com\/1\/wp-json\/wp\/v2\/tags?post=158701"}],"curies":[{"name":"wp","href":"https:\/\/api.w.org\/{rel}","templated":true}]}}